{"id":10729,"date":"2014-11-05T19:59:15","date_gmt":"2014-11-05T17:59:15","guid":{"rendered":"http:\/\/blog.bib.uni-mannheim.de\/Aktuelles\/?p=10729"},"modified":"2015-02-06T15:06:03","modified_gmt":"2015-02-06T13:06:03","slug":"verlaengerte-oeffnungszeiten-in-der-heissen-semesterphase","status":"publish","type":"post","link":"https:\/\/blog.bib.uni-mannheim.de\/Aktuelles\/?p=10729","title":{"rendered":"Verl\u00e4ngerte \u00d6ffnungszeiten in der hei\u00dfen Semesterphase"},"content":{"rendered":"<p><strong><a href=\"http:\/\/blog.bib.uni-mannheim.de\/Aktuelles\/?p=10729\"><img loading=\"lazy\" decoding=\"async\" class=\"alignright wp-image-10733\" src=\"http:\/\/blog.bib.uni-mannheim.de\/Aktuelles\/wp-content\/uploads\/2014\/11\/verlaengerte_Oeffnung-300x300.jpg\" alt=\"verlaengerte_Oeffnung\" width=\"250\" height=\"250\" srcset=\"https:\/\/blog.bib.uni-mannheim.de\/Aktuelles\/wp-content\/uploads\/2014\/11\/verlaengerte_Oeffnung-300x300.jpg 300w, https:\/\/blog.bib.uni-mannheim.de\/Aktuelles\/wp-content\/uploads\/2014\/11\/verlaengerte_Oeffnung-150x150.jpg 150w, https:\/\/blog.bib.uni-mannheim.de\/Aktuelles\/wp-content\/uploads\/2014\/11\/verlaengerte_Oeffnung-32x32.jpg 32w, https:\/\/blog.bib.uni-mannheim.de\/Aktuelles\/wp-content\/uploads\/2014\/11\/verlaengerte_Oeffnung-64x64.jpg 64w, https:\/\/blog.bib.uni-mannheim.de\/Aktuelles\/wp-content\/uploads\/2014\/11\/verlaengerte_Oeffnung-96x96.jpg 96w, https:\/\/blog.bib.uni-mannheim.de\/Aktuelles\/wp-content\/uploads\/2014\/11\/verlaengerte_Oeffnung-128x128.jpg 128w, https:\/\/blog.bib.uni-mannheim.de\/Aktuelles\/wp-content\/uploads\/2014\/11\/verlaengerte_Oeffnung.jpg 960w\" sizes=\"auto, (max-width: 250px) 100vw, 250px\" \/><\/a>In der hei\u00dfen Semesterphase mit Pr\u00fcfungsstress<\/strong><\/p>\n<p><strong>vom\u00a0 Montag, 10. November bis zum Freitag, 19. Dezember 2014<\/strong><\/p>\n<p>sind die<strong> Bibliotheksbereiche <a href=\"http:\/\/www.bib.uni-mannheim.de\/68.html?&amp;L=0\" target=\"_blank\">A3<\/a>, <a href=\"http:\/\/www.bib.uni-mannheim.de\/69.html?&amp;L=0\" target=\"_blank\">A5<\/a>, <a href=\"http:\/\/www.bib.uni-mannheim.de\/70.html?&amp;L=0\" target=\"_blank\">Schloss Ehrenhof <\/a>und <a href=\"http:\/\/www.bib.uni-mannheim.de\/1132.html?&amp;L=0\" target=\"_blank\">Schloss Schneckenhof (BWL)<\/a><\/strong> <strong>wieder l\u00e4nger f\u00fcr Sie ge\u00f6ffnet.<\/strong><\/p>\n<p>&nbsp;<\/p>\n<p>Sie k\u00f6nnen die Bibliotheken in dieser Zeit<strong> t\u00e4glich bis 2 Uhr nachts<\/strong> und an <strong>Wochenenden bereits ab 8 Uhr fr\u00fch<\/strong> besuchen.<\/p>\n<p>Der Bibliotheksbereich Schloss Ehrenhof bleibt w\u00e4hrend der gesamten vorlesungsfreien Zeit weiterhin am Wochenende ab 8 Uhr ge\u00f6ffnet.<\/p>\n<p>Ein Blick auf die <strong><a href=\"http:\/\/www.bib.uni-mannheim.de\/63.html\" target=\"_blank\">Ampel<\/a><\/strong> zeigt Ihnen die <strong>aktuelle Auslastung der Bibliotheken<\/strong> an.<\/p>\n<p>Die <strong>\u00dcbersicht<\/strong> der regul\u00e4ren <strong>\u00d6ffnungszeiten<\/strong> aller Bibliotheksbereiche finden Sie <a title=\"OeZ Uebersicht\" href=\"http:\/\/www.bib.uni-mannheim.de\/88.html\" target=\"_blank\"><strong>hier<\/strong><\/a>.<\/p>\n","protected":false},"excerpt":{"rendered":"<p>In der hei\u00dfen Semesterphase mit Pr\u00fcfungsstress vom\u00a0 Montag, 10. November bis zum Freitag, 19. Dezember 2014 sind die Bibliotheksbereiche A3, A5, Schloss Ehrenhof und Schloss Schneckenhof (BWL) wieder l\u00e4nger f\u00fcr Sie ge\u00f6ffnet. &nbsp; Sie k\u00f6nnen die Bibliotheken in dieser Zeit &hellip; <a href=\"https:\/\/blog.bib.uni-mannheim.de\/Aktuelles\/?p=10729\">Weiterlesen <span class=\"meta-nav\">&rarr;<\/span><\/a><\/p>\n","protected":false},"author":19,"featured_media":0,"comment_status":"open","ping_status":"open","sticky":false,"template":"","format":"standard","meta":{"footnotes":""},"categories":[20],"tags":[],"class_list":["post-10729","post","type-post","status-publish","format-standard","hentry","category-oeffnungszeiten"],"views":4676,"_links":{"self":[{"href":"https:\/\/blog.bib.uni-mannheim.de\/Aktuelles\/index.php?rest_route=\/wp\/v2\/posts\/10729","targetHints":{"allow":["GET"]}}],"collection":[{"href":"https:\/\/blog.bib.uni-mannheim.de\/Aktuelles\/index.php?rest_route=\/wp\/v2\/posts"}],"about":[{"href":"https:\/\/blog.bib.uni-mannheim.de\/Aktuelles\/index.php?rest_route=\/wp\/v2\/types\/post"}],"author":[{"embeddable":true,"href":"https:\/\/blog.bib.uni-mannheim.de\/Aktuelles\/index.php?rest_route=\/wp\/v2\/users\/19"}],"replies":[{"embeddable":true,"href":"https:\/\/blog.bib.uni-mannheim.de\/Aktuelles\/index.php?rest_route=%2Fwp%2Fv2%2Fcomments&post=10729"}],"version-history":[{"count":0,"href":"https:\/\/blog.bib.uni-mannheim.de\/Aktuelles\/index.php?rest_route=\/wp\/v2\/posts\/10729\/revisions"}],"wp:attachment":[{"href":"https:\/\/blog.bib.uni-mannheim.de\/Aktuelles\/index.php?rest_route=%2Fwp%2Fv2%2Fmedia&parent=10729"}],"wp:term":[{"taxonomy":"category","embeddable":true,"href":"https:\/\/blog.bib.uni-mannheim.de\/Aktuelles\/index.php?rest_route=%2Fwp%2Fv2%2Fcategories&post=10729"},{"taxonomy":"post_tag","embeddable":true,"href":"https:\/\/blog.bib.uni-mannheim.de\/Aktuelles\/index.php?rest_route=%2Fwp%2Fv2%2Ftags&post=10729"}],"curies":[{"name":"wp","href":"https:\/\/api.w.org\/{rel}","templated":true}]}}