{"id":11143,"date":"2015-02-13T12:49:42","date_gmt":"2015-02-13T10:49:42","guid":{"rendered":"http:\/\/blog.bib.uni-mannheim.de\/Aktuelles\/?p=11143"},"modified":"2015-02-23T17:39:46","modified_gmt":"2015-02-23T15:39:46","slug":"richtig-zitieren-mit-mendeley-literaturverwaltung","status":"publish","type":"post","link":"https:\/\/blog.bib.uni-mannheim.de\/Aktuelles\/?p=11143","title":{"rendered":"Richtig zitieren mit Mendeley Literaturverwaltung"},"content":{"rendered":"<p><strong><a href=\"http:\/\/blog.bib.uni-mannheim.de\/Aktuelles\/?p=11143\"><img loading=\"lazy\" decoding=\"async\" class=\"alignleft wp-image-9174\" src=\"http:\/\/blog.bib.uni-mannheim.de\/Aktuelles\/wp-content\/uploads\/2014\/02\/mendeley_logo_2014.jpg\" alt=\"mendeley_logo_2014\" width=\"120\" height=\"120\" srcset=\"https:\/\/blog.bib.uni-mannheim.de\/Aktuelles\/wp-content\/uploads\/2014\/02\/mendeley_logo_2014.jpg 900w, https:\/\/blog.bib.uni-mannheim.de\/Aktuelles\/wp-content\/uploads\/2014\/02\/mendeley_logo_2014-150x150.jpg 150w, https:\/\/blog.bib.uni-mannheim.de\/Aktuelles\/wp-content\/uploads\/2014\/02\/mendeley_logo_2014-300x300.jpg 300w, https:\/\/blog.bib.uni-mannheim.de\/Aktuelles\/wp-content\/uploads\/2014\/02\/mendeley_logo_2014-32x32.jpg 32w, https:\/\/blog.bib.uni-mannheim.de\/Aktuelles\/wp-content\/uploads\/2014\/02\/mendeley_logo_2014-64x64.jpg 64w, https:\/\/blog.bib.uni-mannheim.de\/Aktuelles\/wp-content\/uploads\/2014\/02\/mendeley_logo_2014-96x96.jpg 96w, https:\/\/blog.bib.uni-mannheim.de\/Aktuelles\/wp-content\/uploads\/2014\/02\/mendeley_logo_2014-128x128.jpg 128w\" sizes=\"auto, (max-width: 120px) 100vw, 120px\" \/><\/a>Literaturverwaltung mit <a href=\"http:\/\/www.bib.uni-mannheim.de\/1235.html\" target=\"_blank\">Mendeley<\/a><\/strong><br \/>\nWann: <strong>Mo, 23. Februar 2015 | 13:45 bis 15:15 Uhr<\/strong><br \/>\nWo: <strong>Schulungsraum im <a href=\"http:\/\/www.bib.uni-mannheim.de\/fileadmin\/images\/ub\/InformationenA-Z\/schulungsraum_m218.gif\" target=\"_blank\">Bibliotheksbereich Schloss Ehrenhof<\/a><\/strong>, <strong>2. OG (M218)<\/strong><br \/>\nWer: <strong>f\u00fcr Einsteiger<\/strong><br \/>\nWichtig: <b>WLAN-f\u00e4higes Laptop mit <a href=\"http:\/\/www.mendeley.com\/features\/\" target=\"_blank\">installiertem Mendeley<\/a> bitte zum Kurs mitbringen<\/b><br \/>\n<strong>Anmeldung: \u00fcber das <a href=\"https:\/\/portal2.uni-mannheim.de\/portal2\/pages\/cs\/sys\/portal\/hisinoneStartPage.faces?navigationPosition=link_homepage\" target=\"_blank\">Studierendenportal<\/a> oder <\/strong><strong><a href=\"mailto:literaturverwaltung@bib.uni-mannheim.de\">via E-Mail<\/a><\/strong><\/p>\n<p><b>Literaturverwaltungsprogramme <\/b>sind Computerprogramme um eigene Literaturbest\u00e4nde zu verwalten und sind insbesondere beim Anfertigen von wissenschaftlichen Arbeiten sehr n\u00fctzlich.<\/p>\n<p><a href=\"http:\/\/www.mendeley.com\/\" target=\"_blank\"><strong>Mendeley<\/strong><\/a> <strong>ist in der Basisversion kostenlos nutzbar<\/strong> und dient zum Sammeln, Organisieren, Zitieren und Austauschen wissenschaftlicher Literatur. Neben den klassischen Funktionen der Literaturverwaltung hat Mendeley besondere St\u00e4rken im Bereich Verwaltung von PDF-Volltexten und Zusammenarbeit in sozialen Netzwerken.<\/p>\n<p>&nbsp;<\/p>\n","protected":false},"excerpt":{"rendered":"<p>Literaturverwaltung mit Mendeley Wann: Mo, 23. Februar 2015 | 13:45 bis 15:15 Uhr Wo: Schulungsraum im Bibliotheksbereich Schloss Ehrenhof, 2. OG (M218) Wer: f\u00fcr Einsteiger Wichtig: WLAN-f\u00e4higes Laptop mit installiertem Mendeley bitte zum Kurs mitbringen Anmeldung: \u00fcber das Studierendenportal oder &hellip; <a href=\"https:\/\/blog.bib.uni-mannheim.de\/Aktuelles\/?p=11143\">Weiterlesen <span class=\"meta-nav\">&rarr;<\/span><\/a><\/p>\n","protected":false},"author":19,"featured_media":0,"comment_status":"open","ping_status":"open","sticky":false,"template":"","format":"standard","meta":{"footnotes":""},"categories":[8],"tags":[],"class_list":["post-11143","post","type-post","status-publish","format-standard","hentry","category-veranstaltungen"],"views":4356,"_links":{"self":[{"href":"https:\/\/blog.bib.uni-mannheim.de\/Aktuelles\/index.php?rest_route=\/wp\/v2\/posts\/11143","targetHints":{"allow":["GET"]}}],"collection":[{"href":"https:\/\/blog.bib.uni-mannheim.de\/Aktuelles\/index.php?rest_route=\/wp\/v2\/posts"}],"about":[{"href":"https:\/\/blog.bib.uni-mannheim.de\/Aktuelles\/index.php?rest_route=\/wp\/v2\/types\/post"}],"author":[{"embeddable":true,"href":"https:\/\/blog.bib.uni-mannheim.de\/Aktuelles\/index.php?rest_route=\/wp\/v2\/users\/19"}],"replies":[{"embeddable":true,"href":"https:\/\/blog.bib.uni-mannheim.de\/Aktuelles\/index.php?rest_route=%2Fwp%2Fv2%2Fcomments&post=11143"}],"version-history":[{"count":0,"href":"https:\/\/blog.bib.uni-mannheim.de\/Aktuelles\/index.php?rest_route=\/wp\/v2\/posts\/11143\/revisions"}],"wp:attachment":[{"href":"https:\/\/blog.bib.uni-mannheim.de\/Aktuelles\/index.php?rest_route=%2Fwp%2Fv2%2Fmedia&parent=11143"}],"wp:term":[{"taxonomy":"category","embeddable":true,"href":"https:\/\/blog.bib.uni-mannheim.de\/Aktuelles\/index.php?rest_route=%2Fwp%2Fv2%2Fcategories&post=11143"},{"taxonomy":"post_tag","embeddable":true,"href":"https:\/\/blog.bib.uni-mannheim.de\/Aktuelles\/index.php?rest_route=%2Fwp%2Fv2%2Ftags&post=11143"}],"curies":[{"name":"wp","href":"https:\/\/api.w.org\/{rel}","templated":true}]}}