{"id":11347,"date":"2015-04-01T16:13:49","date_gmt":"2015-04-01T14:13:49","guid":{"rendered":"http:\/\/blog.bib.uni-mannheim.de\/Aktuelles\/?p=11347"},"modified":"2015-07-30T09:48:43","modified_gmt":"2015-07-30T07:48:43","slug":"das-war-zwischenkunst-ausstellung-bis-19-juli-2015-in-a3","status":"publish","type":"post","link":"https:\/\/blog.bib.uni-mannheim.de\/Aktuelles\/?p=11347","title":{"rendered":"Das war Zwischenkunst &#8211; Ausstellung bis 19. Juli 2015 in A3"},"content":{"rendered":"<p><a href=\"http:\/\/blog.bib.uni-mannheim.de\/Aktuelles\/?p=11347\"><img loading=\"lazy\" decoding=\"async\" class=\"alignnone wp-image-11348 size-large\" src=\"http:\/\/blog.bib.uni-mannheim.de\/Aktuelles\/wp-content\/uploads\/2015\/04\/Zwischenkunst_2015-1024x768.jpg\" alt=\"Zwischenkunst_2015\" width=\"640\" height=\"480\" srcset=\"https:\/\/blog.bib.uni-mannheim.de\/Aktuelles\/wp-content\/uploads\/2015\/04\/Zwischenkunst_2015-1024x768.jpg 1024w, https:\/\/blog.bib.uni-mannheim.de\/Aktuelles\/wp-content\/uploads\/2015\/04\/Zwischenkunst_2015-300x225.jpg 300w, https:\/\/blog.bib.uni-mannheim.de\/Aktuelles\/wp-content\/uploads\/2015\/04\/Zwischenkunst_2015.jpg 1200w\" sizes=\"auto, (max-width: 640px) 100vw, 640px\" \/><\/a><\/p>\n<p><strong>AUSSTELLUNG vom 1. April bis 19. Juli 2015<\/strong><br \/>\n<strong> Bibliotheksbereich A3, 2. OG<\/strong><br \/>\n<strong> Mo-Fr 08-24 h + Sa-So, Feiertag 10-24 h<\/strong><\/p>\n<p>Das Mal-Happening <a href=\"http:\/\/blog.bib.uni-mannheim.de\/Aktuelles\/?p=5883\" target=\"_blank\"><strong>Zwischenkunst<\/strong><\/a> unter der Regie der K\u00fcnstler <a href=\"http:\/\/www.bahaiden.com\/\" target=\"_blank\">Bahaiden<\/a>, <a href=\"http:\/\/www.is-mus.de\/kontakt\" target=\"_blank\">Angel Panevski<\/a> und Susanne Kaerner hatte die Atmosph\u00e4re in den Bibliotheksr\u00e4umen mit der Patina der 60er Jahre h\u00f6chst erstaunlich ver\u00e4n\u00addert. Die Aktion fand vom 13. bis 25. Juli 2012 im Schloss Westfl\u00fcgel statt, als der Bibliotheksbereich A3 f\u00fcr ein halbes Jahr in dieses Ausweichquartier umziehen musste. In nur 14 Tagen wurde damals das Mal-Happening geplant und umgesetzt. Die Idee f\u00fcr dieses Gemeinschaftsprojekt von K\u00fcnstlern, Studierenden und Uni-Besch\u00e4ftigten wurde w\u00e4hrend des Umzugs der Bibliothek in den Westfl\u00fcgel geboren. Die Kunst am Bau war hier im Ausweichquartier nicht f\u00fcr die Ewigkeit, denn es war schon damals klar, dass der Westfl\u00fc\u00adgel des Schlosses in die Generalsanierung geht. Seit Anfang Februar 2013 hat die A3-Bibliothek den regul\u00e4ren Betrieb im Bibliotheks- und H\u00f6rsaalgeb\u00e4ude A3 wieder aufgenommen und von der Aktion sind nur noch ein paar Bruchst\u00fccke und Fotos geblieben. Wir zeigen diese nun in der Ausstellung und Ba\u00adhaiden stellt parallel dazu einige seiner typischen Bahnen aus.<\/p>\n<p>&nbsp;<\/p>\n","protected":false},"excerpt":{"rendered":"<p>AUSSTELLUNG vom 1. April bis 19. Juli 2015 Bibliotheksbereich A3, 2. OG Mo-Fr 08-24 h + Sa-So, Feiertag 10-24 h Das Mal-Happening Zwischenkunst unter der Regie der K\u00fcnstler Bahaiden, Angel Panevski und Susanne Kaerner hatte die Atmosph\u00e4re in den Bibliotheksr\u00e4umen &hellip; <a href=\"https:\/\/blog.bib.uni-mannheim.de\/Aktuelles\/?p=11347\">Weiterlesen <span class=\"meta-nav\">&rarr;<\/span><\/a><\/p>\n","protected":false},"author":19,"featured_media":0,"comment_status":"open","ping_status":"open","sticky":false,"template":"","format":"standard","meta":{"footnotes":""},"categories":[9,8],"tags":[],"class_list":["post-11347","post","type-post","status-publish","format-standard","hentry","category-aus-den-bereichen","category-veranstaltungen"],"views":2985,"_links":{"self":[{"href":"https:\/\/blog.bib.uni-mannheim.de\/Aktuelles\/index.php?rest_route=\/wp\/v2\/posts\/11347","targetHints":{"allow":["GET"]}}],"collection":[{"href":"https:\/\/blog.bib.uni-mannheim.de\/Aktuelles\/index.php?rest_route=\/wp\/v2\/posts"}],"about":[{"href":"https:\/\/blog.bib.uni-mannheim.de\/Aktuelles\/index.php?rest_route=\/wp\/v2\/types\/post"}],"author":[{"embeddable":true,"href":"https:\/\/blog.bib.uni-mannheim.de\/Aktuelles\/index.php?rest_route=\/wp\/v2\/users\/19"}],"replies":[{"embeddable":true,"href":"https:\/\/blog.bib.uni-mannheim.de\/Aktuelles\/index.php?rest_route=%2Fwp%2Fv2%2Fcomments&post=11347"}],"version-history":[{"count":0,"href":"https:\/\/blog.bib.uni-mannheim.de\/Aktuelles\/index.php?rest_route=\/wp\/v2\/posts\/11347\/revisions"}],"wp:attachment":[{"href":"https:\/\/blog.bib.uni-mannheim.de\/Aktuelles\/index.php?rest_route=%2Fwp%2Fv2%2Fmedia&parent=11347"}],"wp:term":[{"taxonomy":"category","embeddable":true,"href":"https:\/\/blog.bib.uni-mannheim.de\/Aktuelles\/index.php?rest_route=%2Fwp%2Fv2%2Fcategories&post=11347"},{"taxonomy":"post_tag","embeddable":true,"href":"https:\/\/blog.bib.uni-mannheim.de\/Aktuelles\/index.php?rest_route=%2Fwp%2Fv2%2Ftags&post=11347"}],"curies":[{"name":"wp","href":"https:\/\/api.w.org\/{rel}","templated":true}]}}