{"id":12502,"date":"2015-11-02T10:38:15","date_gmt":"2015-11-02T08:38:15","guid":{"rendered":"http:\/\/blog.bib.uni-mannheim.de\/Aktuelles\/?p=12502"},"modified":"2021-02-04T12:10:31","modified_gmt":"2021-02-04T11:10:31","slug":"verlaengerte-oeffnungszeiten-fuer-ihre-pruefungsvorbereitung-2","status":"publish","type":"post","link":"https:\/\/blog.bib.uni-mannheim.de\/Aktuelles\/?p=12502","title":{"rendered":"L\u00e4ngere \u00d6ffnungszeiten f\u00fcr Ihre Pr\u00fcfungsvorbereitung"},"content":{"rendered":"<p><strong><a href=\"https:\/\/blog.bib.uni-mannheim.de\/Aktuelles\/?p=12502\"><img loading=\"lazy\" decoding=\"async\" class=\"alignright wp-image-12503 size-medium\" src=\"https:\/\/blog.bib.uni-mannheim.de\/Aktuelles\/wp-content\/uploads\/2015\/10\/verlaengerte_Oeffnung_2015-300x157.jpg\" alt=\"verlaengerte_Oeffnung_2015\" width=\"300\" height=\"157\" srcset=\"https:\/\/blog.bib.uni-mannheim.de\/Aktuelles\/wp-content\/uploads\/2015\/10\/verlaengerte_Oeffnung_2015-300x157.jpg 300w, https:\/\/blog.bib.uni-mannheim.de\/Aktuelles\/wp-content\/uploads\/2015\/10\/verlaengerte_Oeffnung_2015-1024x535.jpg 1024w, https:\/\/blog.bib.uni-mannheim.de\/Aktuelles\/wp-content\/uploads\/2015\/10\/verlaengerte_Oeffnung_2015.jpg 1200w\" sizes=\"auto, (max-width: 300px) 100vw, 300px\" \/><\/a>In der hei\u00dfen Phase der Pr\u00fcfungsvorbereitung gibt es auch im Herbstsemester wieder l\u00e4ngere \u00d6ffnungszeiten.<br \/>\n<\/strong><\/p>\n<p><strong>Von&nbsp; Montag, 16. November bis Dienstag, 22. Dezember 2015 sind die Bibliotheksbereiche <a href=\"https:\/\/www.bib.uni-mannheim.de\/standorte\/bb-a3\/\" target=\"_blank\" rel=\"noopener\">A3<\/a>, <a href=\"https:\/\/www.bib.uni-mannheim.de\/standorte\/bb-a5\/\" target=\"_blank\" rel=\"noopener\">A5<\/a>, <a href=\"https:\/\/www.bib.uni-mannheim.de\/standorte\/bb-schloss-ehrenhof\/\" target=\"_blank\" rel=\"noopener\">Schloss Ehrenhof <\/a>und <a href=\"https:\/\/www.bib.uni-mannheim.de\/standorte\/learning-center-schloss-schneckenhof\/\" target=\"_blank\" rel=\"noopener\">Schloss Schneckenhof (BWL)<\/a><\/strong> <strong>l\u00e4nger f\u00fcr Sie ge\u00f6ffnet.<\/strong><\/p>\n<p>Sie k\u00f6nnen die Bibliotheken in dieser Zeit<strong> t\u00e4glich bis 2 Uhr nachts<\/strong> und an <strong>Wochenenden bereits ab 8 Uhr fr\u00fch<\/strong> besuchen.<\/p>\n<p>Der Bibliotheksbereich Schloss Ehrenhof bleibt dar\u00fcber hinaus w\u00e4hrend der gesamten vorlesungsfreien Zeit bis zum 14. Februar 2016 am Wochenende ab 8 Uhr ge\u00f6ffnet.<\/p>\n<p>Ein Blick auf die <strong><a href=\"https:\/\/www.bib.uni-mannheim.de\/standorte\/\" target=\"_blank\" rel=\"noopener\">Ampel<\/a><\/strong> zeigt Ihnen die <strong>aktuelle Auslastung der Bibliotheken<\/strong> an.<\/p>\n<p>Die <strong>\u00dcbersicht<\/strong> der regul\u00e4ren <strong>\u00d6ffnungszeiten<\/strong> aller Bibliotheksbereiche finden Sie <a title=\"OeZ Uebersicht\" href=\"https:\/\/www.bib.uni-mannheim.de\/oeffnungszeiten\/\" target=\"_blank\" rel=\"noopener\"><strong>hier<\/strong><\/a>.<\/p>\n<p>&nbsp;<\/p>\n","protected":false},"excerpt":{"rendered":"<p>In der hei\u00dfen Phase der Pr\u00fcfungsvorbereitung gibt es auch im Herbstsemester wieder l\u00e4ngere \u00d6ffnungszeiten. Von&nbsp; Montag, 16. November bis Dienstag, 22. Dezember 2015 sind die Bibliotheksbereiche A3, A5, Schloss Ehrenhof und Schloss Schneckenhof (BWL) l\u00e4nger f\u00fcr Sie ge\u00f6ffnet. Sie k\u00f6nnen &hellip; <a href=\"https:\/\/blog.bib.uni-mannheim.de\/Aktuelles\/?p=12502\">Weiterlesen <span class=\"meta-nav\">&rarr;<\/span><\/a><\/p>\n","protected":false},"author":19,"featured_media":0,"comment_status":"open","ping_status":"open","sticky":false,"template":"","format":"standard","meta":{"footnotes":""},"categories":[20],"tags":[],"class_list":["post-12502","post","type-post","status-publish","format-standard","hentry","category-oeffnungszeiten"],"views":3907,"_links":{"self":[{"href":"https:\/\/blog.bib.uni-mannheim.de\/Aktuelles\/index.php?rest_route=\/wp\/v2\/posts\/12502","targetHints":{"allow":["GET"]}}],"collection":[{"href":"https:\/\/blog.bib.uni-mannheim.de\/Aktuelles\/index.php?rest_route=\/wp\/v2\/posts"}],"about":[{"href":"https:\/\/blog.bib.uni-mannheim.de\/Aktuelles\/index.php?rest_route=\/wp\/v2\/types\/post"}],"author":[{"embeddable":true,"href":"https:\/\/blog.bib.uni-mannheim.de\/Aktuelles\/index.php?rest_route=\/wp\/v2\/users\/19"}],"replies":[{"embeddable":true,"href":"https:\/\/blog.bib.uni-mannheim.de\/Aktuelles\/index.php?rest_route=%2Fwp%2Fv2%2Fcomments&post=12502"}],"version-history":[{"count":0,"href":"https:\/\/blog.bib.uni-mannheim.de\/Aktuelles\/index.php?rest_route=\/wp\/v2\/posts\/12502\/revisions"}],"wp:attachment":[{"href":"https:\/\/blog.bib.uni-mannheim.de\/Aktuelles\/index.php?rest_route=%2Fwp%2Fv2%2Fmedia&parent=12502"}],"wp:term":[{"taxonomy":"category","embeddable":true,"href":"https:\/\/blog.bib.uni-mannheim.de\/Aktuelles\/index.php?rest_route=%2Fwp%2Fv2%2Fcategories&post=12502"},{"taxonomy":"post_tag","embeddable":true,"href":"https:\/\/blog.bib.uni-mannheim.de\/Aktuelles\/index.php?rest_route=%2Fwp%2Fv2%2Ftags&post=12502"}],"curies":[{"name":"wp","href":"https:\/\/api.w.org\/{rel}","templated":true}]}}