{"id":12622,"date":"2015-12-03T15:50:45","date_gmt":"2015-12-03T13:50:45","guid":{"rendered":"http:\/\/blog.bib.uni-mannheim.de\/Aktuelles\/?p=12622"},"modified":"2016-01-11T14:23:38","modified_gmt":"2016-01-11T12:23:38","slug":"12-12-15-07-01-16-serviceeinschraenkungen-u-a-bei-fernleihe","status":"publish","type":"post","link":"https:\/\/blog.bib.uni-mannheim.de\/Aktuelles\/?p=12622","title":{"rendered":"12.12.15 &#8211; 07.01.16: Serviceeinschr\u00e4nkungen u.a. bei Fernleihe"},"content":{"rendered":"<p>Zum Jahreswechsel 2015\/2016 wird an der <a href=\"http:\/\/www.bib.uni-mannheim.de\/\" target=\"_blank\">Universit\u00e4tsbibliothek <\/a>ein <strong>neues Bibliotheksverwaltungssystem<\/strong> eingef\u00fchrt.<\/p>\n<p><strong>W\u00e4hrend der Umstiegszeit<\/strong> k\u00f6nnen wir Ihnen unsere <strong>Services nur mit<\/strong> <strong>folgenden Einschr\u00e4nkungen<\/strong> anbieten:<\/p>\n<p>&nbsp;<\/p>\n<ul>\n<li>In der Zeit [update 10.12.2015]<strong> vom 11.12.2015, 16:00 Uhr\u00a0 <del>vom 12.12.2015<\/del> bis einschlie\u00dflich 07.01.2016<\/strong> k\u00f6nnen \u00fcber die UB<strong> keine Fernleihbestellungen<\/strong> aufgegeben werden.<\/li>\n<li><strong>Buchbestellungen<\/strong> auf den Magazinbestand oder <strong>Vormerkungen <\/strong>auf entliehene Medien<strong> \u00fcber den <a href=\"http:\/\/primo.bib.uni-mannheim.de\/primo_library\/libweb\/action\/search.do?vid=MAN_UB\" target=\"_blank\">Online-Katalog Primo<\/a><\/strong> sind <strong>vom 23.12.2015 bis einschlie\u00dflich 07.01.2016 nicht m\u00f6glich.<\/strong><\/li>\n<li><strong>Anschaffungsvorschl\u00e4ge<\/strong> f\u00fcr Literatur nehmen wir auch im Zeitraum vom <strong>12.12.2015 bis 07.01.2016<\/strong> gerne entgegen, werden diese jedoch erst ab dem 07.01.2016 bearbeiten k\u00f6nnen.<\/li>\n<\/ul>\n<p>Wir bitten um Ihr Verst\u00e4ndnis!<\/p>\n<p>&nbsp;<\/p>\n<p><strong>Ab 08. Januar 2016 stehen wir Ihnen wieder mit allen gewohnten Services\u00a0 zur Verf\u00fcgung<\/strong>.<\/p>\n<p>&nbsp;<\/p>\n","protected":false},"excerpt":{"rendered":"<p>Zum Jahreswechsel 2015\/2016 wird an der Universit\u00e4tsbibliothek ein neues Bibliotheksverwaltungssystem eingef\u00fchrt. W\u00e4hrend der Umstiegszeit k\u00f6nnen wir Ihnen unsere Services nur mit folgenden Einschr\u00e4nkungen anbieten: &nbsp; In der Zeit [update 10.12.2015] vom 11.12.2015, 16:00 Uhr\u00a0 vom 12.12.2015 bis einschlie\u00dflich 07.01.2016 k\u00f6nnen &hellip; <a href=\"https:\/\/blog.bib.uni-mannheim.de\/Aktuelles\/?p=12622\">Weiterlesen <span class=\"meta-nav\">&rarr;<\/span><\/a><\/p>\n","protected":false},"author":27,"featured_media":0,"comment_status":"open","ping_status":"open","sticky":false,"template":"","format":"standard","meta":{"footnotes":""},"categories":[1,2],"tags":[],"class_list":["post-12622","post","type-post","status-publish","format-standard","hentry","category-allgemein","category-services"],"views":3570,"_links":{"self":[{"href":"https:\/\/blog.bib.uni-mannheim.de\/Aktuelles\/index.php?rest_route=\/wp\/v2\/posts\/12622","targetHints":{"allow":["GET"]}}],"collection":[{"href":"https:\/\/blog.bib.uni-mannheim.de\/Aktuelles\/index.php?rest_route=\/wp\/v2\/posts"}],"about":[{"href":"https:\/\/blog.bib.uni-mannheim.de\/Aktuelles\/index.php?rest_route=\/wp\/v2\/types\/post"}],"author":[{"embeddable":true,"href":"https:\/\/blog.bib.uni-mannheim.de\/Aktuelles\/index.php?rest_route=\/wp\/v2\/users\/27"}],"replies":[{"embeddable":true,"href":"https:\/\/blog.bib.uni-mannheim.de\/Aktuelles\/index.php?rest_route=%2Fwp%2Fv2%2Fcomments&post=12622"}],"version-history":[{"count":0,"href":"https:\/\/blog.bib.uni-mannheim.de\/Aktuelles\/index.php?rest_route=\/wp\/v2\/posts\/12622\/revisions"}],"wp:attachment":[{"href":"https:\/\/blog.bib.uni-mannheim.de\/Aktuelles\/index.php?rest_route=%2Fwp%2Fv2%2Fmedia&parent=12622"}],"wp:term":[{"taxonomy":"category","embeddable":true,"href":"https:\/\/blog.bib.uni-mannheim.de\/Aktuelles\/index.php?rest_route=%2Fwp%2Fv2%2Fcategories&post=12622"},{"taxonomy":"post_tag","embeddable":true,"href":"https:\/\/blog.bib.uni-mannheim.de\/Aktuelles\/index.php?rest_route=%2Fwp%2Fv2%2Ftags&post=12622"}],"curies":[{"name":"wp","href":"https:\/\/api.w.org\/{rel}","templated":true}]}}