{"id":12686,"date":"2016-01-04T15:40:56","date_gmt":"2016-01-04T13:40:56","guid":{"rendered":"http:\/\/blog.bib.uni-mannheim.de\/Aktuelles\/?p=12686"},"modified":"2016-01-11T14:22:01","modified_gmt":"2016-01-11T12:22:01","slug":"oeffnungszeiten-zum-jahresbeginn-2016","status":"publish","type":"post","link":"https:\/\/blog.bib.uni-mannheim.de\/Aktuelles\/?p=12686","title":{"rendered":"\u00d6ffnungszeiten zum Jahresbeginn 2016"},"content":{"rendered":"<p><strong><a href=\"http:\/\/blog.bib.uni-mannheim.de\/Aktuelles\/wp-content\/uploads\/2013\/12\/feuerwerk_2013.jpg\" rel=\"attachment wp-att-8768\"><img loading=\"lazy\" decoding=\"async\" class=\"alignleft wp-image-8768\" src=\"http:\/\/blog.bib.uni-mannheim.de\/Aktuelles\/wp-content\/uploads\/2013\/12\/feuerwerk_2013.jpg\" alt=\"feuerwerk_2013\" width=\"139\" height=\"106\" srcset=\"https:\/\/blog.bib.uni-mannheim.de\/Aktuelles\/wp-content\/uploads\/2013\/12\/feuerwerk_2013.jpg 386w, https:\/\/blog.bib.uni-mannheim.de\/Aktuelles\/wp-content\/uploads\/2013\/12\/feuerwerk_2013-300x229.jpg 300w\" sizes=\"auto, (max-width: 139px) 100vw, 139px\" \/><\/a>Wir w\u00fcnschen Ihnen allen ein frohes und erfolgreiches Jahr 2016!<\/strong><\/p>\n<p>&nbsp;<\/p>\n<p>Seit heute haben die <strong>Bibliotheksbereiche A3, A5, Ehrenhof und Schneckenhof S\u00fcd (BWL) wieder regul\u00e4r von 8-24 Uhr ge\u00f6ffnet.<\/strong> <strong>Am Feiertag Heilige Drei K\u00f6nige (Mi, 06.01.2016) gilt in den Bibliotheksbereichen die \u00fcbliche Feiertags\u00f6ffnung.<\/strong><\/p>\n<p>&nbsp;<\/p>\n<p>Die <strong>Magazinausleihe<\/strong> und die <strong>Lehrbuchsammlung<\/strong> bleiben aufgrund einer Umstellung der Bibliotheksverwaltungssoftware<strong> am 04. und 05.01.2016 noch geschlossen.<\/strong> Das<strong> InfoCenter der UB <\/strong>hat an diesen beiden Tagen von<strong> 10-14 Uhr ge\u00f6ffnet.<br \/>\n<\/strong><\/p>\n<p><strong><br \/>\nAb dem 07.01.2016 haben alle Bibliotheksbereiche inkl. Ausleihe wieder regul\u00e4r ge\u00f6ffnet.<\/strong> (Ausnahme: Die Lehrbuchsammlung hat am 07.-08.01.2016 von 9-12 Uhr ge\u00f6ffnet. Ab dem 11.01.2016 gelten auch hier wieder die gewohnten \u00d6ffnungszeiten.)<strong><br \/>\n<\/strong><\/p>\n<p>&nbsp;<\/p>\n","protected":false},"excerpt":{"rendered":"<p>Wir w\u00fcnschen Ihnen allen ein frohes und erfolgreiches Jahr 2016! &nbsp; Seit heute haben die Bibliotheksbereiche A3, A5, Ehrenhof und Schneckenhof S\u00fcd (BWL) wieder regul\u00e4r von 8-24 Uhr ge\u00f6ffnet. Am Feiertag Heilige Drei K\u00f6nige (Mi, 06.01.2016) gilt in den Bibliotheksbereichen &hellip; <a href=\"https:\/\/blog.bib.uni-mannheim.de\/Aktuelles\/?p=12686\">Weiterlesen <span class=\"meta-nav\">&rarr;<\/span><\/a><\/p>\n","protected":false},"author":20,"featured_media":0,"comment_status":"open","ping_status":"open","sticky":false,"template":"","format":"standard","meta":{"footnotes":""},"categories":[9,20],"tags":[],"class_list":["post-12686","post","type-post","status-publish","format-standard","hentry","category-aus-den-bereichen","category-oeffnungszeiten"],"views":4621,"_links":{"self":[{"href":"https:\/\/blog.bib.uni-mannheim.de\/Aktuelles\/index.php?rest_route=\/wp\/v2\/posts\/12686","targetHints":{"allow":["GET"]}}],"collection":[{"href":"https:\/\/blog.bib.uni-mannheim.de\/Aktuelles\/index.php?rest_route=\/wp\/v2\/posts"}],"about":[{"href":"https:\/\/blog.bib.uni-mannheim.de\/Aktuelles\/index.php?rest_route=\/wp\/v2\/types\/post"}],"author":[{"embeddable":true,"href":"https:\/\/blog.bib.uni-mannheim.de\/Aktuelles\/index.php?rest_route=\/wp\/v2\/users\/20"}],"replies":[{"embeddable":true,"href":"https:\/\/blog.bib.uni-mannheim.de\/Aktuelles\/index.php?rest_route=%2Fwp%2Fv2%2Fcomments&post=12686"}],"version-history":[{"count":0,"href":"https:\/\/blog.bib.uni-mannheim.de\/Aktuelles\/index.php?rest_route=\/wp\/v2\/posts\/12686\/revisions"}],"wp:attachment":[{"href":"https:\/\/blog.bib.uni-mannheim.de\/Aktuelles\/index.php?rest_route=%2Fwp%2Fv2%2Fmedia&parent=12686"}],"wp:term":[{"taxonomy":"category","embeddable":true,"href":"https:\/\/blog.bib.uni-mannheim.de\/Aktuelles\/index.php?rest_route=%2Fwp%2Fv2%2Fcategories&post=12686"},{"taxonomy":"post_tag","embeddable":true,"href":"https:\/\/blog.bib.uni-mannheim.de\/Aktuelles\/index.php?rest_route=%2Fwp%2Fv2%2Ftags&post=12686"}],"curies":[{"name":"wp","href":"https:\/\/api.w.org\/{rel}","templated":true}]}}