{"id":12901,"date":"2016-03-03T10:44:04","date_gmt":"2016-03-03T09:44:04","guid":{"rendered":"http:\/\/blog.bib.uni-mannheim.de\/Aktuelles\/?p=12901"},"modified":"2021-02-05T10:40:43","modified_gmt":"2021-02-05T09:40:43","slug":"am-sa-12-so-13-maerz-2016-geschlossen-a3-bibliothek","status":"publish","type":"post","link":"https:\/\/blog.bib.uni-mannheim.de\/Aktuelles\/?p=12901","title":{"rendered":"Am Sa 12.\/ So 13. M\u00e4rz 2016 geschlossen: A3-Bibliothek"},"content":{"rendered":"<p><a href=\"https:\/\/blog.bib.uni-mannheim.de\/Aktuelles\/?p=12901\"><img loading=\"lazy\" decoding=\"async\" class=\"alignleft wp-image-12845 size-medium\" src=\"https:\/\/blog.bib.uni-mannheim.de\/Aktuelles\/wp-content\/uploads\/2016\/02\/stromabschaltung_2015-300x157.jpg\" alt=\"stromabschaltung_2015\" width=\"300\" height=\"157\" srcset=\"https:\/\/blog.bib.uni-mannheim.de\/Aktuelles\/wp-content\/uploads\/2016\/02\/stromabschaltung_2015-300x157.jpg 300w, https:\/\/blog.bib.uni-mannheim.de\/Aktuelles\/wp-content\/uploads\/2016\/02\/stromabschaltung_2015-768x401.jpg 768w, https:\/\/blog.bib.uni-mannheim.de\/Aktuelles\/wp-content\/uploads\/2016\/02\/stromabschaltung_2015-1024x535.jpg 1024w, https:\/\/blog.bib.uni-mannheim.de\/Aktuelles\/wp-content\/uploads\/2016\/02\/stromabschaltung_2015.jpg 1200w\" sizes=\"auto, (max-width: 300px) 100vw, 300px\" \/><\/a>Der <a href=\"https:\/\/www.bib.uni-mannheim.de\/standorte\/bb-a3\/\" target=\"_blank\" rel=\"noopener\"><strong>Bibliotheksbereich A3<\/strong><\/a> ist am<strong> Samstag, 12. M\u00e4rz <\/strong>und<strong> Sonntag, 13. M\u00e4rz 2016 <\/strong>wegen Arbeiten an der Stromversorgung<strong> geschlossen<\/strong>.<\/p>\n<p>Eine Wochenendausleihe <em>(Freitag zwischen 14 und 18 Uhr, R\u00fcckgabe Montag bis 12 Uhr) <\/em>ist dann ausnahmsweise m\u00f6glich.<\/p>\n<p><strong>Alle anderen <a href=\"https:\/\/www.bib.uni-mannheim.de\/standorte\/\" target=\"_blank\" rel=\"noopener\">Bibliotheksbereiche<\/a> haben an dem Wochenende wie gewohnt ge\u00f6ffnet.<\/strong><\/p>\n<p>Bitte haben Sie Verst\u00e4ndnis.<\/p>\n<p>&nbsp;<\/p>\n","protected":false},"excerpt":{"rendered":"<p>Der Bibliotheksbereich A3 ist am Samstag, 12. M\u00e4rz und Sonntag, 13. M\u00e4rz 2016 wegen Arbeiten an der Stromversorgung geschlossen. Eine Wochenendausleihe (Freitag zwischen 14 und 18 Uhr, R\u00fcckgabe Montag bis 12 Uhr) ist dann ausnahmsweise m\u00f6glich. Alle anderen Bibliotheksbereiche haben &hellip; <a href=\"https:\/\/blog.bib.uni-mannheim.de\/Aktuelles\/?p=12901\">Weiterlesen <span class=\"meta-nav\">&rarr;<\/span><\/a><\/p>\n","protected":false},"author":19,"featured_media":0,"comment_status":"open","ping_status":"open","sticky":false,"template":"","format":"standard","meta":{"footnotes":""},"categories":[20],"tags":[],"class_list":["post-12901","post","type-post","status-publish","format-standard","hentry","category-oeffnungszeiten"],"views":2678,"_links":{"self":[{"href":"https:\/\/blog.bib.uni-mannheim.de\/Aktuelles\/index.php?rest_route=\/wp\/v2\/posts\/12901","targetHints":{"allow":["GET"]}}],"collection":[{"href":"https:\/\/blog.bib.uni-mannheim.de\/Aktuelles\/index.php?rest_route=\/wp\/v2\/posts"}],"about":[{"href":"https:\/\/blog.bib.uni-mannheim.de\/Aktuelles\/index.php?rest_route=\/wp\/v2\/types\/post"}],"author":[{"embeddable":true,"href":"https:\/\/blog.bib.uni-mannheim.de\/Aktuelles\/index.php?rest_route=\/wp\/v2\/users\/19"}],"replies":[{"embeddable":true,"href":"https:\/\/blog.bib.uni-mannheim.de\/Aktuelles\/index.php?rest_route=%2Fwp%2Fv2%2Fcomments&post=12901"}],"version-history":[{"count":0,"href":"https:\/\/blog.bib.uni-mannheim.de\/Aktuelles\/index.php?rest_route=\/wp\/v2\/posts\/12901\/revisions"}],"wp:attachment":[{"href":"https:\/\/blog.bib.uni-mannheim.de\/Aktuelles\/index.php?rest_route=%2Fwp%2Fv2%2Fmedia&parent=12901"}],"wp:term":[{"taxonomy":"category","embeddable":true,"href":"https:\/\/blog.bib.uni-mannheim.de\/Aktuelles\/index.php?rest_route=%2Fwp%2Fv2%2Fcategories&post=12901"},{"taxonomy":"post_tag","embeddable":true,"href":"https:\/\/blog.bib.uni-mannheim.de\/Aktuelles\/index.php?rest_route=%2Fwp%2Fv2%2Ftags&post=12901"}],"curies":[{"name":"wp","href":"https:\/\/api.w.org\/{rel}","templated":true}]}}