{"id":12979,"date":"2016-03-21T09:32:52","date_gmt":"2016-03-21T08:32:52","guid":{"rendered":"http:\/\/blog.bib.uni-mannheim.de\/Aktuelles\/?p=12979"},"modified":"2021-02-04T12:15:37","modified_gmt":"2021-02-04T11:15:37","slug":"drei-zwei-einscountdown-finale-ausleihzentrum-oeffnet-am-22-maerz","status":"publish","type":"post","link":"https:\/\/blog.bib.uni-mannheim.de\/Aktuelles\/?p=12979","title":{"rendered":"&#8222;Drei, zwei, eins&#8220;Countdown-Finale: Ausleihzentrum \u00f6ffnet am 22. M\u00e4rz!"},"content":{"rendered":"<p><a href=\"https:\/\/blog.bib.uni-mannheim.de\/Aktuelles\/?p=12979\"><img loading=\"lazy\" decoding=\"async\" class=\"alignleft wp-image-12982\" src=\"https:\/\/blog.bib.uni-mannheim.de\/Aktuelles\/wp-content\/uploads\/2016\/03\/Countdown_03_Eingang.jpg\" alt=\"Countdown_03_Eingang\" width=\"200\" height=\"105\" srcset=\"https:\/\/blog.bib.uni-mannheim.de\/Aktuelles\/wp-content\/uploads\/2016\/03\/Countdown_03_Eingang.jpg 1200w, https:\/\/blog.bib.uni-mannheim.de\/Aktuelles\/wp-content\/uploads\/2016\/03\/Countdown_03_Eingang-300x157.jpg 300w, https:\/\/blog.bib.uni-mannheim.de\/Aktuelles\/wp-content\/uploads\/2016\/03\/Countdown_03_Eingang-768x401.jpg 768w, https:\/\/blog.bib.uni-mannheim.de\/Aktuelles\/wp-content\/uploads\/2016\/03\/Countdown_03_Eingang-1024x535.jpg 1024w\" sizes=\"auto, (max-width: 200px) 100vw, 200px\" \/><\/a>Wer <a href=\"https:\/\/blog.bib.uni-mannheim.de\/Aktuelles\/?p=12867\" target=\"_blank\" rel=\"noopener\">hier<\/a> und <a href=\"https:\/\/blog.bib.uni-mannheim.de\/Aktuelles\/?p=12935\" target=\"_blank\" rel=\"noopener\">hier<\/a> mitgelesen hat, wei\u00df es bereits:<\/p>\n<p>Am<strong> Dienstag, 22.M\u00e4rz 2016,<\/strong> \u00f6ffnet das neue<strong> Ausleihzentrum der Universit\u00e4tsbibliothek im Schloss Westfl\u00fcgel<\/strong>. <strong>Wir freuen uns schon sehr auf die ersten Besucherinnen und Besucher!&nbsp;<\/strong><\/p>\n<p>Zuerst wird die <strong>Lehrbuchsammlung<\/strong> umgezogen, bis zum Ende der Woche nach Ostern stehen dann auch die <strong>B\u00fccher mit den Signaturengruppen 2000-2016<\/strong> in den neuen R\u00e4umen frei zug\u00e4nglich zur &#8222;<strong>Selbstausleihe<\/strong>&#8220; im Regal.&nbsp; Zur\u00fcckgeben k\u00f6nnen Sie die B\u00fccher \u00fcber einen <strong>R\u00fcckgabeautomaten<\/strong>, auch \u00fcber die <strong>\u00d6ffnungszeiten des Ausleihzentrums Mo-Fr 8.00 Uhr &#8211; 18.00 Uhr, Sa 10.00 Uhr &#8211; 13.00 Uhr<\/strong> hinaus.<\/p>\n<p>In der ersten Zeit nach dem Umzug holen Sie Ihre <strong>Bestellungen auf die \u00e4lteren, im Magazin verbleibenden B\u00fccher<\/strong> sowie Ihre <strong>Fernleihen<\/strong> bitte zwischen <strong>9.00 Uhr und 16.00 Uhr<\/strong> an der bisherigen <strong>Ausleihe<\/strong> im <a href=\"https:\/\/www.bib.uni-mannheim.de\/standorte\/learning-center-schloss-schneckenhof\/\" target=\"_blank\" rel=\"noopener\">Bibliotheksbereich Schloss Schneckenhof West<\/a> ab.&nbsp; Wir informieren an dieser Stelle, sobald auch diese Bestellungen abholbereit im Ausleihzentrum stehen.<\/p>\n<p>&nbsp;<\/p>\n","protected":false},"excerpt":{"rendered":"<p>Wer hier und hier mitgelesen hat, wei\u00df es bereits: Am Dienstag, 22.M\u00e4rz 2016, \u00f6ffnet das neue Ausleihzentrum der Universit\u00e4tsbibliothek im Schloss Westfl\u00fcgel. Wir freuen uns schon sehr auf die ersten Besucherinnen und Besucher!&nbsp; Zuerst wird die Lehrbuchsammlung umgezogen, bis zum &hellip; <a href=\"https:\/\/blog.bib.uni-mannheim.de\/Aktuelles\/?p=12979\">Weiterlesen <span class=\"meta-nav\">&rarr;<\/span><\/a><\/p>\n","protected":false},"author":27,"featured_media":0,"comment_status":"open","ping_status":"open","sticky":false,"template":"","format":"standard","meta":{"footnotes":""},"categories":[9,2],"tags":[],"class_list":["post-12979","post","type-post","status-publish","format-standard","hentry","category-aus-den-bereichen","category-services"],"views":3099,"_links":{"self":[{"href":"https:\/\/blog.bib.uni-mannheim.de\/Aktuelles\/index.php?rest_route=\/wp\/v2\/posts\/12979","targetHints":{"allow":["GET"]}}],"collection":[{"href":"https:\/\/blog.bib.uni-mannheim.de\/Aktuelles\/index.php?rest_route=\/wp\/v2\/posts"}],"about":[{"href":"https:\/\/blog.bib.uni-mannheim.de\/Aktuelles\/index.php?rest_route=\/wp\/v2\/types\/post"}],"author":[{"embeddable":true,"href":"https:\/\/blog.bib.uni-mannheim.de\/Aktuelles\/index.php?rest_route=\/wp\/v2\/users\/27"}],"replies":[{"embeddable":true,"href":"https:\/\/blog.bib.uni-mannheim.de\/Aktuelles\/index.php?rest_route=%2Fwp%2Fv2%2Fcomments&post=12979"}],"version-history":[{"count":0,"href":"https:\/\/blog.bib.uni-mannheim.de\/Aktuelles\/index.php?rest_route=\/wp\/v2\/posts\/12979\/revisions"}],"wp:attachment":[{"href":"https:\/\/blog.bib.uni-mannheim.de\/Aktuelles\/index.php?rest_route=%2Fwp%2Fv2%2Fmedia&parent=12979"}],"wp:term":[{"taxonomy":"category","embeddable":true,"href":"https:\/\/blog.bib.uni-mannheim.de\/Aktuelles\/index.php?rest_route=%2Fwp%2Fv2%2Fcategories&post=12979"},{"taxonomy":"post_tag","embeddable":true,"href":"https:\/\/blog.bib.uni-mannheim.de\/Aktuelles\/index.php?rest_route=%2Fwp%2Fv2%2Ftags&post=12979"}],"curies":[{"name":"wp","href":"https:\/\/api.w.org\/{rel}","templated":true}]}}