{"id":13018,"date":"2016-03-30T13:56:34","date_gmt":"2016-03-30T11:56:34","guid":{"rendered":"http:\/\/blog.bib.uni-mannheim.de\/Aktuelles\/?p=13018"},"modified":"2016-04-05T17:50:01","modified_gmt":"2016-04-05T15:50:01","slug":"ab-4-april-alle-buecher-im-ausleihzentrum-abholen","status":"publish","type":"post","link":"https:\/\/blog.bib.uni-mannheim.de\/Aktuelles\/?p=13018","title":{"rendered":"ab 4. April: Alle B\u00fccher im Ausleihzentrum abholen!"},"content":{"rendered":"<p><a href=\"http:\/\/blog.bib.uni-mannheim.de\/Aktuelles\/?p=13018\"><img loading=\"lazy\" decoding=\"async\" class=\"aligncenter wp-image-13025 size-full\" src=\"http:\/\/blog.bib.uni-mannheim.de\/Aktuelles\/wp-content\/uploads\/2016\/03\/Ausleihzentrum_Eingang.jpg\" alt=\"Ausleihzentrum_Eingang\" width=\"600\" height=\"192\" srcset=\"https:\/\/blog.bib.uni-mannheim.de\/Aktuelles\/wp-content\/uploads\/2016\/03\/Ausleihzentrum_Eingang.jpg 600w, https:\/\/blog.bib.uni-mannheim.de\/Aktuelles\/wp-content\/uploads\/2016\/03\/Ausleihzentrum_Eingang-300x96.jpg 300w\" sizes=\"auto, (max-width: 600px) 100vw, 600px\" \/><\/a>Ab n\u00e4chsten <strong>Montag, 4. April,<\/strong> finden Sie Ihre <strong>Magazinbestellungen<\/strong>, die <strong>nach Vormerkung f\u00fcr Sie bereitgestellten B\u00fccher<\/strong> sowie Ihre<strong> Fernleihbestellungen<\/strong> zur Abholung ausschlie\u00dflich im neuen <a href=\"http:\/\/www.bib.uni-mannheim.de\/1458.html\" target=\"_blank\"><strong>Ausleihzentrum der UB im Schloss Westfl\u00fcgel<\/strong>.<\/a><\/p>\n<p>Ihre <strong>aktuell bestellten<\/strong> oder<strong> bereits an der Ausleihtheke f\u00fcr Sie bereitgelegten B\u00fccher<\/strong> ziehen<strong> im Laufe des kommenden Freitags, 1. April,<\/strong> ebenfalls in das<strong> <a href=\"http:\/\/www.bib.uni-mannheim.de\/1458.html\" target=\"_blank\">Ausleihzentrum im Schloss Westfl\u00fcgel<\/a> <\/strong>um. Falls Sie Ihre B\u00fccher an diesem Tag dringend ben\u00f6tigen, dann fragen Sie einfach, wo diese sich gerade befinden.<\/p>\n<p>Die bisherige <strong>Ausleihtheke im Schloss Schneckenhof West<\/strong> bleibt <strong>ab 4. April geschlossen<\/strong>.\u00a0 Hier finden Sie weiterhin den <strong>Sonderlesebereich<\/strong>, in dem Sie wie bisher <strong>nicht f\u00fcr die Ausleihe geeignete Best\u00e4nde vor Ort nutzen<\/strong> k\u00f6nnen.<\/p>\n<p>Das InfoCenter, die Recherche und Arbeitspl\u00e4tze bleiben selbstverst\u00e4ndlich ebenfalls am angestammten Ort.<\/p>\n<p>&nbsp;<\/p>\n","protected":false},"excerpt":{"rendered":"<p>Ab n\u00e4chsten Montag, 4. April, finden Sie Ihre Magazinbestellungen, die nach Vormerkung f\u00fcr Sie bereitgestellten B\u00fccher sowie Ihre Fernleihbestellungen zur Abholung ausschlie\u00dflich im neuen Ausleihzentrum der UB im Schloss Westfl\u00fcgel. Ihre aktuell bestellten oder bereits an der Ausleihtheke f\u00fcr Sie &hellip; <a href=\"https:\/\/blog.bib.uni-mannheim.de\/Aktuelles\/?p=13018\">Weiterlesen <span class=\"meta-nav\">&rarr;<\/span><\/a><\/p>\n","protected":false},"author":27,"featured_media":0,"comment_status":"open","ping_status":"open","sticky":false,"template":"","format":"standard","meta":{"footnotes":""},"categories":[9,2],"tags":[],"class_list":["post-13018","post","type-post","status-publish","format-standard","hentry","category-aus-den-bereichen","category-services"],"views":2890,"_links":{"self":[{"href":"https:\/\/blog.bib.uni-mannheim.de\/Aktuelles\/index.php?rest_route=\/wp\/v2\/posts\/13018","targetHints":{"allow":["GET"]}}],"collection":[{"href":"https:\/\/blog.bib.uni-mannheim.de\/Aktuelles\/index.php?rest_route=\/wp\/v2\/posts"}],"about":[{"href":"https:\/\/blog.bib.uni-mannheim.de\/Aktuelles\/index.php?rest_route=\/wp\/v2\/types\/post"}],"author":[{"embeddable":true,"href":"https:\/\/blog.bib.uni-mannheim.de\/Aktuelles\/index.php?rest_route=\/wp\/v2\/users\/27"}],"replies":[{"embeddable":true,"href":"https:\/\/blog.bib.uni-mannheim.de\/Aktuelles\/index.php?rest_route=%2Fwp%2Fv2%2Fcomments&post=13018"}],"version-history":[{"count":0,"href":"https:\/\/blog.bib.uni-mannheim.de\/Aktuelles\/index.php?rest_route=\/wp\/v2\/posts\/13018\/revisions"}],"wp:attachment":[{"href":"https:\/\/blog.bib.uni-mannheim.de\/Aktuelles\/index.php?rest_route=%2Fwp%2Fv2%2Fmedia&parent=13018"}],"wp:term":[{"taxonomy":"category","embeddable":true,"href":"https:\/\/blog.bib.uni-mannheim.de\/Aktuelles\/index.php?rest_route=%2Fwp%2Fv2%2Fcategories&post=13018"},{"taxonomy":"post_tag","embeddable":true,"href":"https:\/\/blog.bib.uni-mannheim.de\/Aktuelles\/index.php?rest_route=%2Fwp%2Fv2%2Ftags&post=13018"}],"curies":[{"name":"wp","href":"https:\/\/api.w.org\/{rel}","templated":true}]}}