{"id":13393,"date":"2016-07-08T12:33:35","date_gmt":"2016-07-08T10:33:35","guid":{"rendered":"http:\/\/blog.bib.uni-mannheim.de\/Aktuelles\/?p=13393"},"modified":"2021-02-05T11:05:50","modified_gmt":"2021-02-05T10:05:50","slug":"die-ausleihe-der-mobilen-geraete-ist-umgezogen","status":"publish","type":"post","link":"https:\/\/blog.bib.uni-mannheim.de\/Aktuelles\/?p=13393","title":{"rendered":"Die Ausleihe der mobilen Ger\u00e4te ist umgezogen"},"content":{"rendered":"<p>Die <a href=\"https:\/\/www.bib.uni-mannheim.de\/standorte\/learning-center-schloss-schneckenhof\/\" target=\"_blank\" rel=\"noopener\"><strong>Ausleihe der mobilen Ger\u00e4te<\/strong><\/a> f\u00fcr Mitglieder der Universit\u00e4t Mannheim<br \/>\nist in das <strong>InfoCenter<\/strong> (Bibliotheksbereich Schloss Schneckenhof, Eingang West) umgezogen.<\/p>\n<ul>\n<li>Bestellen Sie das gew\u00fcnschte Ger\u00e4t \u00fcber den Online-Katalog Primo vor.<\/li>\n<li>Suchen Sie hierzu in Primo nach dem Stichwort &#8222;Ger\u00e4teausleihe&#8220;.<\/li>\n<li>Sie k\u00f6nnen das Ger\u00e4t am n\u00e4chsten \u00d6ffnungstag in der Zeit von 9 &#8211; 16 Uhr im InfoCenter abholen.<\/li>\n<li>Zur\u00fcckgeben k\u00f6nnen Sie das Ger\u00e4t im InfoCenter oder bis 18 Uhr an der BWL-Theke (Bibliotheksbereich Schloss Schneckenhof, Eingang S\u00fcd).<\/li>\n<\/ul>\n<p>&nbsp;<\/p>\n","protected":false},"excerpt":{"rendered":"<p>Die Ausleihe der mobilen Ger\u00e4te f\u00fcr Mitglieder der Universit\u00e4t Mannheim ist in das InfoCenter (Bibliotheksbereich Schloss Schneckenhof, Eingang West) umgezogen. Bestellen Sie das gew\u00fcnschte Ger\u00e4t \u00fcber den Online-Katalog Primo vor. Suchen Sie hierzu in Primo nach dem Stichwort &#8222;Ger\u00e4teausleihe&#8220;. Sie &hellip; <a href=\"https:\/\/blog.bib.uni-mannheim.de\/Aktuelles\/?p=13393\">Weiterlesen <span class=\"meta-nav\">&rarr;<\/span><\/a><\/p>\n","protected":false},"author":19,"featured_media":0,"comment_status":"open","ping_status":"open","sticky":false,"template":"","format":"standard","meta":{"footnotes":""},"categories":[2],"tags":[],"class_list":["post-13393","post","type-post","status-publish","format-standard","hentry","category-services"],"views":2445,"_links":{"self":[{"href":"https:\/\/blog.bib.uni-mannheim.de\/Aktuelles\/index.php?rest_route=\/wp\/v2\/posts\/13393","targetHints":{"allow":["GET"]}}],"collection":[{"href":"https:\/\/blog.bib.uni-mannheim.de\/Aktuelles\/index.php?rest_route=\/wp\/v2\/posts"}],"about":[{"href":"https:\/\/blog.bib.uni-mannheim.de\/Aktuelles\/index.php?rest_route=\/wp\/v2\/types\/post"}],"author":[{"embeddable":true,"href":"https:\/\/blog.bib.uni-mannheim.de\/Aktuelles\/index.php?rest_route=\/wp\/v2\/users\/19"}],"replies":[{"embeddable":true,"href":"https:\/\/blog.bib.uni-mannheim.de\/Aktuelles\/index.php?rest_route=%2Fwp%2Fv2%2Fcomments&post=13393"}],"version-history":[{"count":0,"href":"https:\/\/blog.bib.uni-mannheim.de\/Aktuelles\/index.php?rest_route=\/wp\/v2\/posts\/13393\/revisions"}],"wp:attachment":[{"href":"https:\/\/blog.bib.uni-mannheim.de\/Aktuelles\/index.php?rest_route=%2Fwp%2Fv2%2Fmedia&parent=13393"}],"wp:term":[{"taxonomy":"category","embeddable":true,"href":"https:\/\/blog.bib.uni-mannheim.de\/Aktuelles\/index.php?rest_route=%2Fwp%2Fv2%2Fcategories&post=13393"},{"taxonomy":"post_tag","embeddable":true,"href":"https:\/\/blog.bib.uni-mannheim.de\/Aktuelles\/index.php?rest_route=%2Fwp%2Fv2%2Ftags&post=13393"}],"curies":[{"name":"wp","href":"https:\/\/api.w.org\/{rel}","templated":true}]}}