{"id":13405,"date":"2016-07-20T13:51:28","date_gmt":"2016-07-20T11:51:28","guid":{"rendered":"http:\/\/blog.bib.uni-mannheim.de\/Aktuelles\/?p=13405"},"modified":"2016-08-11T10:37:15","modified_gmt":"2016-08-11T08:37:15","slug":"besucherbefragung-ergebnis-teil-i","status":"publish","type":"post","link":"https:\/\/blog.bib.uni-mannheim.de\/Aktuelles\/?p=13405","title":{"rendered":"Besucherbefragung  &#8211; Ergebnis Teil I"},"content":{"rendered":"<p><strong>Welcher Einrichtung geh\u00f6ren Sie an?<\/strong><\/p>\n<p>In der letzten Vorlesungswoche des <strong>Fr\u00fchjahrssemesters<\/strong> haben wir in den <a href=\"http:\/\/www.bib.uni-mannheim.de\/63.html\" target=\"_blank\">Bibliotheksbereichen<\/a> der <a href=\"http:\/\/www.bib.uni-mannheim.de\/\" target=\"_blank\">UB Mannheim<\/a>\u00a0 insgesamt etwa <strong>12.500 Antworten<\/strong> auf diese Frage bekommen.<\/p>\n<p><strong>Vielen Dank<\/strong> f\u00fcr Ihre <strong>rege Teilnahme<\/strong> inmitten der Pr\u00fcfungszeit!<\/p>\n<p>Hier pr\u00e4sentieren wir Ihnen eine erste <strong>\u00dcbersicht zu den Umfrageergebnissen<\/strong>:<\/p>\n<p><a href=\"http:\/\/blog.bib.uni-mannheim.de\/Aktuelles\/wp-content\/uploads\/2016\/07\/ProvenienzI.jpg\"><img loading=\"lazy\" decoding=\"async\" class=\"size-full wp-image-13411 alignnone\" src=\"http:\/\/blog.bib.uni-mannheim.de\/Aktuelles\/wp-content\/uploads\/2016\/07\/ProvenienzI.jpg\" alt=\"ProvenienzI\" width=\"541\" height=\"341\" srcset=\"https:\/\/blog.bib.uni-mannheim.de\/Aktuelles\/wp-content\/uploads\/2016\/07\/ProvenienzI.jpg 541w, https:\/\/blog.bib.uni-mannheim.de\/Aktuelles\/wp-content\/uploads\/2016\/07\/ProvenienzI-300x189.jpg 300w\" sizes=\"auto, (max-width: 541px) 100vw, 541px\" \/><\/a><\/p>\n<p>Da die Zusammensetzung der Bibliotheksnutzer im Verlauf des akademischen Jahrs sehr unterschiedlich ist, wird es <strong>zwei weitere Befragungsrunden<\/strong> zum gleichen Thema geben.<\/p>\n<p>Die erste findet w\u00e4hrend der <strong>ersten Augustwoche ( 01.08.-05.08.2016)<\/strong> in allen Bibliotheksbereichen statt. Eine dritte und letzte Befragung wird es im Herbst (voraussichtlich Oktober) geben.<\/p>\n<p><strong>Wir bitten Sie noch einmal um Ihre Mithilfe.<\/strong><\/p>\n<p>&nbsp;<\/p>\n","protected":false},"excerpt":{"rendered":"<p>Welcher Einrichtung geh\u00f6ren Sie an? In der letzten Vorlesungswoche des Fr\u00fchjahrssemesters haben wir in den Bibliotheksbereichen der UB Mannheim\u00a0 insgesamt etwa 12.500 Antworten auf diese Frage bekommen. Vielen Dank f\u00fcr Ihre rege Teilnahme inmitten der Pr\u00fcfungszeit! Hier pr\u00e4sentieren wir Ihnen &hellip; <a href=\"https:\/\/blog.bib.uni-mannheim.de\/Aktuelles\/?p=13405\">Weiterlesen <span class=\"meta-nav\">&rarr;<\/span><\/a><\/p>\n","protected":false},"author":27,"featured_media":0,"comment_status":"open","ping_status":"open","sticky":false,"template":"","format":"standard","meta":{"footnotes":""},"categories":[1,9],"tags":[],"class_list":["post-13405","post","type-post","status-publish","format-standard","hentry","category-allgemein","category-aus-den-bereichen"],"views":3748,"_links":{"self":[{"href":"https:\/\/blog.bib.uni-mannheim.de\/Aktuelles\/index.php?rest_route=\/wp\/v2\/posts\/13405","targetHints":{"allow":["GET"]}}],"collection":[{"href":"https:\/\/blog.bib.uni-mannheim.de\/Aktuelles\/index.php?rest_route=\/wp\/v2\/posts"}],"about":[{"href":"https:\/\/blog.bib.uni-mannheim.de\/Aktuelles\/index.php?rest_route=\/wp\/v2\/types\/post"}],"author":[{"embeddable":true,"href":"https:\/\/blog.bib.uni-mannheim.de\/Aktuelles\/index.php?rest_route=\/wp\/v2\/users\/27"}],"replies":[{"embeddable":true,"href":"https:\/\/blog.bib.uni-mannheim.de\/Aktuelles\/index.php?rest_route=%2Fwp%2Fv2%2Fcomments&post=13405"}],"version-history":[{"count":0,"href":"https:\/\/blog.bib.uni-mannheim.de\/Aktuelles\/index.php?rest_route=\/wp\/v2\/posts\/13405\/revisions"}],"wp:attachment":[{"href":"https:\/\/blog.bib.uni-mannheim.de\/Aktuelles\/index.php?rest_route=%2Fwp%2Fv2%2Fmedia&parent=13405"}],"wp:term":[{"taxonomy":"category","embeddable":true,"href":"https:\/\/blog.bib.uni-mannheim.de\/Aktuelles\/index.php?rest_route=%2Fwp%2Fv2%2Fcategories&post=13405"},{"taxonomy":"post_tag","embeddable":true,"href":"https:\/\/blog.bib.uni-mannheim.de\/Aktuelles\/index.php?rest_route=%2Fwp%2Fv2%2Ftags&post=13405"}],"curies":[{"name":"wp","href":"https:\/\/api.w.org\/{rel}","templated":true}]}}