{"id":151,"date":"2007-07-05T11:34:54","date_gmt":"2007-07-05T09:34:54","guid":{"rendered":"http:\/\/blog.bib.uni-mannheim.de\/Aktuelles\/?p=151"},"modified":"2011-05-24T15:11:31","modified_gmt":"2011-05-24T13:11:31","slug":"nur-beamen-geht-schneller","status":"publish","type":"post","link":"https:\/\/blog.bib.uni-mannheim.de\/Aktuelles\/?p=151","title":{"rendered":"Nur Beamen geht schneller"},"content":{"rendered":"<p><img decoding=\"async\" title=\"buch\" src=\"https:\/\/www.bib.uni-mannheim.de\/uploads\/pics\/rotesbuch.jpg\" alt=\"buch\" align=\"left\" \/><\/p>\n<p>[update 23.07.2007]<br \/>\nVom 23. bis 27. Juli ist die BWL-Bibliothek bis 22 Uhr ge\u00f6ffnet.<\/p>\n<p>Die BWL-Bibliothek ist umgezogen. In der Rekordzeit von nur drei Tagen sind die 90.000 BWL-B\u00fccher aus dem Schloss S\u00fcdfl\u00fcgel in den <a title=\"lagepan\" href=\"http:\/\/www.bib.uni-mannheim.de\/fileadmin\/pdf\/bereiche\/bwl\/ublageplan_bwl.pdf\">Westfl\u00fcgel<\/a> umgezogen. F\u00fcr die Besucher war die Bibliothek auch w\u00e4hrend des Umzuges ge\u00f6ffnet. Seit Mi, 3. Juli 2007 befindet sie sich nun am neuen Standort im Westfl\u00fcgel. Hier ist zun\u00e4chst bis Fr, 27. Juli wegen der <a title=\"veranstaltungen\" href=\"http:\/\/blog.bib.uni-mannheim.de\/Aktuelles\/?p=97\">Veranstaltungen im Ehrenhof<\/a> t\u00e4glich nur bis 18 Uhr ge\u00f6ffnet. Am Sa, 28. Juli ist wegen der Arena of Pop ganz geschlossen. Ab So, 29. Juli ist dann wieder wie gewohnt t\u00e4glich bis 24 Uhr ge\u00f6ffnet.<\/p>\n<p>Der <a title=\"bwl\" href=\"http:\/\/www.bib.uni-mannheim.de\/72.html\">Bibliotheksbereich Betriebswirtschaftslehre<\/a> im Schloss Westfl\u00fcgel ist fl\u00e4chendeckend mit Funk-Lan ausgestattet. Es stehen 300 Lesepl\u00e4tze zur Verf\u00fcgung, von denen ein Drittel Stromversorgung und Netpoints haben. Auch gibt es Gruppenarbeitsr\u00e4ume sowie mehrere Kopierger\u00e4te und  einen <a title=\"scanner\" href=\"http:\/\/blog.bib.uni-mannheim.de\/Aktuelles\/?p=98\">Scanner<\/a>.<br \/>\nDie BWL-Bibliothek wird f\u00fcr etwa zwei bis drei Jahre im Interimsquartier im Westfl\u00fcgel bleiben, solange bis die Sanierungsma\u00dfnahme des S\u00fcdfl\u00fcgels abgeschlossen ist.<\/p>\n","protected":false},"excerpt":{"rendered":"<p>[update 23.07.2007] Vom 23. bis 27. Juli ist die BWL-Bibliothek bis 22 Uhr ge\u00f6ffnet. Die BWL-Bibliothek ist umgezogen. In der Rekordzeit von nur drei Tagen sind die 90.000 BWL-B\u00fccher aus dem Schloss S\u00fcdfl\u00fcgel in den Westfl\u00fcgel umgezogen. F\u00fcr die Besucher &hellip; <a href=\"https:\/\/blog.bib.uni-mannheim.de\/Aktuelles\/?p=151\">Weiterlesen <span class=\"meta-nav\">&rarr;<\/span><\/a><\/p>\n","protected":false},"author":19,"featured_media":0,"comment_status":"open","ping_status":"open","sticky":false,"template":"","format":"standard","meta":{"footnotes":""},"categories":[9,12],"tags":[],"class_list":["post-151","post","type-post","status-publish","format-standard","hentry","category-aus-den-bereichen","category-campus"],"views":37756,"_links":{"self":[{"href":"https:\/\/blog.bib.uni-mannheim.de\/Aktuelles\/index.php?rest_route=\/wp\/v2\/posts\/151","targetHints":{"allow":["GET"]}}],"collection":[{"href":"https:\/\/blog.bib.uni-mannheim.de\/Aktuelles\/index.php?rest_route=\/wp\/v2\/posts"}],"about":[{"href":"https:\/\/blog.bib.uni-mannheim.de\/Aktuelles\/index.php?rest_route=\/wp\/v2\/types\/post"}],"author":[{"embeddable":true,"href":"https:\/\/blog.bib.uni-mannheim.de\/Aktuelles\/index.php?rest_route=\/wp\/v2\/users\/19"}],"replies":[{"embeddable":true,"href":"https:\/\/blog.bib.uni-mannheim.de\/Aktuelles\/index.php?rest_route=%2Fwp%2Fv2%2Fcomments&post=151"}],"version-history":[{"count":0,"href":"https:\/\/blog.bib.uni-mannheim.de\/Aktuelles\/index.php?rest_route=\/wp\/v2\/posts\/151\/revisions"}],"wp:attachment":[{"href":"https:\/\/blog.bib.uni-mannheim.de\/Aktuelles\/index.php?rest_route=%2Fwp%2Fv2%2Fmedia&parent=151"}],"wp:term":[{"taxonomy":"category","embeddable":true,"href":"https:\/\/blog.bib.uni-mannheim.de\/Aktuelles\/index.php?rest_route=%2Fwp%2Fv2%2Fcategories&post=151"},{"taxonomy":"post_tag","embeddable":true,"href":"https:\/\/blog.bib.uni-mannheim.de\/Aktuelles\/index.php?rest_route=%2Fwp%2Fv2%2Ftags&post=151"}],"curies":[{"name":"wp","href":"https:\/\/api.w.org\/{rel}","templated":true}]}}