{"id":15405,"date":"2017-07-13T13:57:30","date_gmt":"2017-07-13T11:57:30","guid":{"rendered":"https:\/\/blog.bib.uni-mannheim.de\/Aktuelles\/?p=15405"},"modified":"2021-02-03T16:34:20","modified_gmt":"2021-02-03T15:34:20","slug":"veranstaltung-im-ehrenhof-bib-schliesst-am-22-07-um-17-uhr","status":"publish","type":"post","link":"https:\/\/blog.bib.uni-mannheim.de\/Aktuelles\/?p=15405","title":{"rendered":"Veranstaltung im Ehrenhof: Bib schlie\u00dft am 22.07. um 17 Uhr"},"content":{"rendered":"<div class=\"entry-content\">\n<p style=\"text-align: left;\"><strong>Am Samstag, 22. Juli,<\/strong><strong> schlie\u00dft der <a href=\"https:\/\/blog.bib.uni-mannheim.de\/Aktuelles\/?p=15405\"><img loading=\"lazy\" decoding=\"async\" class=\"alignright wp-image-15416 size-medium\" src=\"https:\/\/blog.bib.uni-mannheim.de\/Aktuelles\/wp-content\/uploads\/2017\/07\/Unsplash_andrey-larin-29559-_Feuerwerk-300x200.jpg\" alt=\"Feuerwerk Schloss in Flammen\" width=\"300\" height=\"200\" srcset=\"https:\/\/blog.bib.uni-mannheim.de\/Aktuelles\/wp-content\/uploads\/2017\/07\/Unsplash_andrey-larin-29559-_Feuerwerk-300x200.jpg 300w, https:\/\/blog.bib.uni-mannheim.de\/Aktuelles\/wp-content\/uploads\/2017\/07\/Unsplash_andrey-larin-29559-_Feuerwerk-768x511.jpg 768w, https:\/\/blog.bib.uni-mannheim.de\/Aktuelles\/wp-content\/uploads\/2017\/07\/Unsplash_andrey-larin-29559-_Feuerwerk-1024x681.jpg 1024w\" sizes=\"auto, (max-width: 300px) 100vw, 300px\" \/><\/a><\/strong><strong>Bibliotheksbereich <a href=\"https:\/\/www.bib.uni-mannheim.de\/bb-schloss-ehrenhof\/\">Schloss Ehrenhof<\/a> <\/strong>(Hasso-Plattner-Bibliothek) <strong>bereits um 17 Uhr <\/strong>wegen der Veranstaltung<strong> <a href=\"http:\/\/www.schlossinflammen.de\/mannheim-2017\/\" target=\"_blank\" rel=\"noopener\">Schloss in Flammen<\/a>.<\/strong><\/p>\n<p style=\"text-align: left;\">Tags\u00fcber kann es durch die Generalprobe zu L\u00e4rmbel\u00e4stigung kommen.<\/p>\n<p style=\"text-align: left;\">Am <strong>Sonntag, 23. Juli<\/strong>, ist dann wieder <strong>wie gewohnt bis 21:30 Uhr ge\u00f6ffnet<\/strong>.<\/p>\n<p>&nbsp;<\/p>\n<p style=\"text-align: left;\">Die Bibliotheksbereiche <a href=\"https:\/\/www.bib.uni-mannheim.de\/standorte\/learning-center-schloss-schneckenhof\/\" target=\"_blank\" rel=\"noopener\"><strong>Schloss Schneckenhof , Eingang S\u00fcd (BWL)<\/strong><\/a>, <a href=\"https:\/\/www.bib.uni-mannheim.de\/standorte\/bb-a3\/\" target=\"_blank\" rel=\"noopener\"><strong>A3<\/strong><\/a> und <a href=\"https:\/\/www.bib.uni-mannheim.de\/standorte\/bb-a5\/\" target=\"_blank\" rel=\"noopener\"><strong>A5<\/strong><\/a> sind an diesem Tag <strong>wie \u00fcblich bis 21:30 Uhr ge\u00f6ffnet.<\/strong><\/p>\n<p>&nbsp;<\/p>\n<\/div>\n","protected":false},"excerpt":{"rendered":"<p>Am Samstag, 22. Juli, schlie\u00dft der Bibliotheksbereich Schloss Ehrenhof (Hasso-Plattner-Bibliothek) bereits um 17 Uhr wegen der Veranstaltung Schloss in Flammen. Tags\u00fcber kann es durch die Generalprobe zu L\u00e4rmbel\u00e4stigung kommen. Am Sonntag, 23. Juli, ist dann wieder wie gewohnt bis 21:30 &hellip; <a href=\"https:\/\/blog.bib.uni-mannheim.de\/Aktuelles\/?p=15405\">Weiterlesen <span class=\"meta-nav\">&rarr;<\/span><\/a><\/p>\n","protected":false},"author":32,"featured_media":0,"comment_status":"open","ping_status":"open","sticky":false,"template":"","format":"standard","meta":{"footnotes":""},"categories":[9,20],"tags":[],"class_list":["post-15405","post","type-post","status-publish","format-standard","hentry","category-aus-den-bereichen","category-oeffnungszeiten"],"views":2785,"_links":{"self":[{"href":"https:\/\/blog.bib.uni-mannheim.de\/Aktuelles\/index.php?rest_route=\/wp\/v2\/posts\/15405","targetHints":{"allow":["GET"]}}],"collection":[{"href":"https:\/\/blog.bib.uni-mannheim.de\/Aktuelles\/index.php?rest_route=\/wp\/v2\/posts"}],"about":[{"href":"https:\/\/blog.bib.uni-mannheim.de\/Aktuelles\/index.php?rest_route=\/wp\/v2\/types\/post"}],"author":[{"embeddable":true,"href":"https:\/\/blog.bib.uni-mannheim.de\/Aktuelles\/index.php?rest_route=\/wp\/v2\/users\/32"}],"replies":[{"embeddable":true,"href":"https:\/\/blog.bib.uni-mannheim.de\/Aktuelles\/index.php?rest_route=%2Fwp%2Fv2%2Fcomments&post=15405"}],"version-history":[{"count":0,"href":"https:\/\/blog.bib.uni-mannheim.de\/Aktuelles\/index.php?rest_route=\/wp\/v2\/posts\/15405\/revisions"}],"wp:attachment":[{"href":"https:\/\/blog.bib.uni-mannheim.de\/Aktuelles\/index.php?rest_route=%2Fwp%2Fv2%2Fmedia&parent=15405"}],"wp:term":[{"taxonomy":"category","embeddable":true,"href":"https:\/\/blog.bib.uni-mannheim.de\/Aktuelles\/index.php?rest_route=%2Fwp%2Fv2%2Fcategories&post=15405"},{"taxonomy":"post_tag","embeddable":true,"href":"https:\/\/blog.bib.uni-mannheim.de\/Aktuelles\/index.php?rest_route=%2Fwp%2Fv2%2Ftags&post=15405"}],"curies":[{"name":"wp","href":"https:\/\/api.w.org\/{rel}","templated":true}]}}