{"id":16519,"date":"2017-11-27T14:58:17","date_gmt":"2017-11-27T13:58:17","guid":{"rendered":"https:\/\/blog.bib.uni-mannheim.de\/Aktuelles\/?p=16519"},"modified":"2021-02-03T16:53:00","modified_gmt":"2021-02-03T15:53:00","slug":"1618-1648-dreissig-jahre-krieg","status":"publish","type":"post","link":"https:\/\/blog.bib.uni-mannheim.de\/Aktuelles\/?p=16519","title":{"rendered":"1618-1648  Drei\u00dfig Jahre Krieg"},"content":{"rendered":"<p><a href=\"https:\/\/blog.bib.uni-mannheim.de\/Aktuelles\/?p=16519\"><img loading=\"lazy\" decoding=\"async\" class=\"alignright wp-image-16529 size-medium\" src=\"https:\/\/blog.bib.uni-mannheim.de\/Aktuelles\/wp-content\/uploads\/2017\/11\/PlakatDJK_final_klein-212x300.jpg\" alt=\"\" width=\"212\" height=\"300\" srcset=\"https:\/\/blog.bib.uni-mannheim.de\/Aktuelles\/wp-content\/uploads\/2017\/11\/PlakatDJK_final_klein-212x300.jpg 212w, https:\/\/blog.bib.uni-mannheim.de\/Aktuelles\/wp-content\/uploads\/2017\/11\/PlakatDJK_final_klein.jpg 300w\" sizes=\"auto, (max-width: 212px) 100vw, 212px\" \/><\/a><\/p>\n<p><strong>[UPDATE 28.02.2018] Die Ausstellung wird bis zum 23. M\u00e4rz 2018 verl\u00e4ngert.<\/strong><\/p>\n<p>Diese Ausstellung im <a href=\"https:\/\/www.bib.uni-mannheim.de\/bb-a3\/\" target=\"_blank\" rel=\"noopener\">Bibliotheksbereich A3<\/a> wurde konzipiert von Studierenden eines Seminars am <a href=\"http:\/\/hi.uni-mannheim.de\/\" target=\"_blank\" rel=\"noopener\">Historischen Institut<\/a> der Universit\u00e4t Mannheim. Gezeigt werden Werke aus den historischen <a href=\"https:\/\/www.bib.uni-mannheim.de\/medien\/sammlungen\/\" target=\"_blank\" rel=\"noopener\">Sammlungen der Universit\u00e4tsbibliothek<\/a>. Sie illustrieren die Ereignisse des Drei\u00dfigj\u00e4hrigen Krieges und werden von erl\u00e4uternden Texten begleitet, die w\u00e4hrend des Seminars entstanden sind.<br \/>\nAlle <a href=\"https:\/\/primo-49man.hosted.exlibrisgroup.com\/primo-explore\/search?query=any,contains,digi%20projekt%20drei%C3%9Figj%C3%A4hriger%20krieg&amp;search_scope=MAN_ALMA&amp;vid=MAN_UB&amp;sortby=rank&amp;lang=de_DE\" target=\"_blank\" rel=\"noopener\">Werke sind auch digitalisiert<\/a> zug\u00e4nglich.<\/p>\n<p>&nbsp;<\/p>\n<p>Zur <strong>Er\u00f6ffnung<\/strong> am Mittwoch, den 6. Dezember 2017 um 18 Uhr und zum Besuch der Ausstellung laden wir herzlich ein.<\/p>\n<p>&nbsp;<\/p>\n<p>Universit\u00e4tsbibliothek, <strong>A3<\/strong>, 2. OG<br \/>\n<strong>7. Dezember 2017 bis 1. M\u00e4rz 2018<\/strong><br \/>\nt\u00e4glich zu den \u00d6ffnungszeiten der Bibliothek<\/p>\n<p>&nbsp;<\/p>\n<p><a href=\"https:\/\/www.bib.uni-mannheim.de\/ausstellungen\/1618-1648\/\" target=\"_blank\" rel=\"noopener\">Weitere Informationen zur Ausstellung<\/a><\/p>\n","protected":false},"excerpt":{"rendered":"<p>[UPDATE 28.02.2018] Die Ausstellung wird bis zum 23. M\u00e4rz 2018 verl\u00e4ngert. Diese Ausstellung im Bibliotheksbereich A3 wurde konzipiert von Studierenden eines Seminars am Historischen Institut der Universit\u00e4t Mannheim. Gezeigt werden Werke aus den historischen Sammlungen der Universit\u00e4tsbibliothek. Sie illustrieren die &hellip; <a href=\"https:\/\/blog.bib.uni-mannheim.de\/Aktuelles\/?p=16519\">Weiterlesen <span class=\"meta-nav\">&rarr;<\/span><\/a><\/p>\n","protected":false},"author":33,"featured_media":0,"comment_status":"open","ping_status":"open","sticky":false,"template":"","format":"standard","meta":{"footnotes":""},"categories":[1,8],"tags":[],"class_list":["post-16519","post","type-post","status-publish","format-standard","hentry","category-allgemein","category-veranstaltungen"],"views":2316,"_links":{"self":[{"href":"https:\/\/blog.bib.uni-mannheim.de\/Aktuelles\/index.php?rest_route=\/wp\/v2\/posts\/16519","targetHints":{"allow":["GET"]}}],"collection":[{"href":"https:\/\/blog.bib.uni-mannheim.de\/Aktuelles\/index.php?rest_route=\/wp\/v2\/posts"}],"about":[{"href":"https:\/\/blog.bib.uni-mannheim.de\/Aktuelles\/index.php?rest_route=\/wp\/v2\/types\/post"}],"author":[{"embeddable":true,"href":"https:\/\/blog.bib.uni-mannheim.de\/Aktuelles\/index.php?rest_route=\/wp\/v2\/users\/33"}],"replies":[{"embeddable":true,"href":"https:\/\/blog.bib.uni-mannheim.de\/Aktuelles\/index.php?rest_route=%2Fwp%2Fv2%2Fcomments&post=16519"}],"version-history":[{"count":0,"href":"https:\/\/blog.bib.uni-mannheim.de\/Aktuelles\/index.php?rest_route=\/wp\/v2\/posts\/16519\/revisions"}],"wp:attachment":[{"href":"https:\/\/blog.bib.uni-mannheim.de\/Aktuelles\/index.php?rest_route=%2Fwp%2Fv2%2Fmedia&parent=16519"}],"wp:term":[{"taxonomy":"category","embeddable":true,"href":"https:\/\/blog.bib.uni-mannheim.de\/Aktuelles\/index.php?rest_route=%2Fwp%2Fv2%2Fcategories&post=16519"},{"taxonomy":"post_tag","embeddable":true,"href":"https:\/\/blog.bib.uni-mannheim.de\/Aktuelles\/index.php?rest_route=%2Fwp%2Fv2%2Ftags&post=16519"}],"curies":[{"name":"wp","href":"https:\/\/api.w.org\/{rel}","templated":true}]}}