{"id":17164,"date":"2018-03-21T11:12:30","date_gmt":"2018-03-21T10:12:30","guid":{"rendered":"https:\/\/blog.bib.uni-mannheim.de\/Aktuelles\/?p=17164"},"modified":"2021-02-02T17:19:27","modified_gmt":"2021-02-02T16:19:27","slug":"oeffnungszeiten-waehrend-der-osterfeiertage-2","status":"publish","type":"post","link":"https:\/\/blog.bib.uni-mannheim.de\/Aktuelles\/?p=17164","title":{"rendered":"\u00d6ffnungszeiten w\u00e4hrend der Osterfeiertage"},"content":{"rendered":"<p><strong><a href=\"https:\/\/blog.bib.uni-mannheim.de\/Aktuelles\/?p=17164\"><img loading=\"lazy\" decoding=\"async\" class=\"wp-image-17171 alignleft\" src=\"https:\/\/blog.bib.uni-mannheim.de\/Aktuelles\/wp-content\/uploads\/2018\/03\/rei\u00dfinsel_2_FB-300x157.jpg\" alt=\"\" width=\"200\" height=\"105\" srcset=\"https:\/\/blog.bib.uni-mannheim.de\/Aktuelles\/wp-content\/uploads\/2018\/03\/rei\u00dfinsel_2_FB-300x157.jpg 300w, https:\/\/blog.bib.uni-mannheim.de\/Aktuelles\/wp-content\/uploads\/2018\/03\/rei\u00dfinsel_2_FB.jpg 400w\" sizes=\"auto, (max-width: 200px) 100vw, 200px\" \/><\/a>Diese <\/strong><strong><a href=\"https:\/\/www.bib.uni-mannheim.de\/standortuebersicht\/\">Bibliotheksbereiche<\/a> haben von Karfreitag, 30. M\u00e4rz, bis Ostermontag, 2. April von 10 bis 23 Uhr f\u00fcr Sie ge\u00f6ffnet: <\/strong><\/p>\n<ul>\n<li>A3<\/li>\n<li>A5<\/li>\n<li>Schloss Schneckenhof Eingang S\u00fcd<\/li>\n<li>Schloss Ehrenhof<\/li>\n<\/ul>\n<p>&nbsp;<\/p>\n<p><strong>Das <\/strong><strong><a href=\"https:\/\/www.bib.uni-mannheim.de\/ausleihzentrum\/\">Ausleihzentrum<\/a> und das <a href=\"https:\/\/www.bib.uni-mannheim.de\/infocenter\/\">InfoCenter<\/a> bleiben am Karsamstag und an den Feiertagen geschlossen.<br \/>\n<\/strong><\/p>\n<p>&nbsp;<\/p>\n","protected":false},"excerpt":{"rendered":"<p>Diese Bibliotheksbereiche haben von Karfreitag, 30. M\u00e4rz, bis Ostermontag, 2. April von 10 bis 23 Uhr f\u00fcr Sie ge\u00f6ffnet: A3 A5 Schloss Schneckenhof Eingang S\u00fcd Schloss Ehrenhof &nbsp; Das Ausleihzentrum und das InfoCenter bleiben am Karsamstag und an den Feiertagen &hellip; <a href=\"https:\/\/blog.bib.uni-mannheim.de\/Aktuelles\/?p=17164\">Weiterlesen <span class=\"meta-nav\">&rarr;<\/span><\/a><\/p>\n","protected":false},"author":32,"featured_media":0,"comment_status":"open","ping_status":"open","sticky":false,"template":"","format":"standard","meta":{"footnotes":""},"categories":[1,9,20],"tags":[],"class_list":["post-17164","post","type-post","status-publish","format-standard","hentry","category-allgemein","category-aus-den-bereichen","category-oeffnungszeiten"],"views":3683,"_links":{"self":[{"href":"https:\/\/blog.bib.uni-mannheim.de\/Aktuelles\/index.php?rest_route=\/wp\/v2\/posts\/17164","targetHints":{"allow":["GET"]}}],"collection":[{"href":"https:\/\/blog.bib.uni-mannheim.de\/Aktuelles\/index.php?rest_route=\/wp\/v2\/posts"}],"about":[{"href":"https:\/\/blog.bib.uni-mannheim.de\/Aktuelles\/index.php?rest_route=\/wp\/v2\/types\/post"}],"author":[{"embeddable":true,"href":"https:\/\/blog.bib.uni-mannheim.de\/Aktuelles\/index.php?rest_route=\/wp\/v2\/users\/32"}],"replies":[{"embeddable":true,"href":"https:\/\/blog.bib.uni-mannheim.de\/Aktuelles\/index.php?rest_route=%2Fwp%2Fv2%2Fcomments&post=17164"}],"version-history":[{"count":0,"href":"https:\/\/blog.bib.uni-mannheim.de\/Aktuelles\/index.php?rest_route=\/wp\/v2\/posts\/17164\/revisions"}],"wp:attachment":[{"href":"https:\/\/blog.bib.uni-mannheim.de\/Aktuelles\/index.php?rest_route=%2Fwp%2Fv2%2Fmedia&parent=17164"}],"wp:term":[{"taxonomy":"category","embeddable":true,"href":"https:\/\/blog.bib.uni-mannheim.de\/Aktuelles\/index.php?rest_route=%2Fwp%2Fv2%2Fcategories&post=17164"},{"taxonomy":"post_tag","embeddable":true,"href":"https:\/\/blog.bib.uni-mannheim.de\/Aktuelles\/index.php?rest_route=%2Fwp%2Fv2%2Ftags&post=17164"}],"curies":[{"name":"wp","href":"https:\/\/api.w.org\/{rel}","templated":true}]}}