{"id":17659,"date":"2018-09-05T07:59:45","date_gmt":"2018-09-05T05:59:45","guid":{"rendered":"https:\/\/blog.bib.uni-mannheim.de\/Aktuelles\/?p=17659"},"modified":"2018-09-10T12:06:12","modified_gmt":"2018-09-10T10:06:12","slug":"schlossfest-am-8-september-2018-bibliotheken-im-schloss-ab-16-uhr-geschlossen","status":"publish","type":"post","link":"https:\/\/blog.bib.uni-mannheim.de\/Aktuelles\/?p=17659","title":{"rendered":"Schlossfest am 8. September 2018 &#8211; Bibliotheken im Schloss ab 16 Uhr geschlossen"},"content":{"rendered":"<p><img loading=\"lazy\" decoding=\"async\" class=\"alignright wp-image-17663 size-medium\" src=\"https:\/\/blog.bib.uni-mannheim.de\/Aktuelles\/wp-content\/uploads\/2018\/09\/Schlossfest2018-300x128.jpg\" alt=\"\" width=\"300\" height=\"128\" srcset=\"https:\/\/blog.bib.uni-mannheim.de\/Aktuelles\/wp-content\/uploads\/2018\/09\/Schlossfest2018-300x128.jpg 300w, https:\/\/blog.bib.uni-mannheim.de\/Aktuelles\/wp-content\/uploads\/2018\/09\/Schlossfest2018-768x328.jpg 768w, https:\/\/blog.bib.uni-mannheim.de\/Aktuelles\/wp-content\/uploads\/2018\/09\/Schlossfest2018.jpg 1024w\" sizes=\"auto, (max-width: 300px) 100vw, 300px\" \/>Am <strong>Samstag, 08. September 2018 feiert die\u00a0<a title=\"Uni Ma\" href=\"https:\/\/www.uni-mannheim.de\/\" target=\"_blank\" rel=\"noopener\">Universit\u00e4t Mannheim<\/a> <\/strong>zum 15. Mal das <strong><a href=\"https:\/\/www.uni-mannheim.de\/schlossfest\/\" target=\"_blank\" rel=\"noopener\">Mannheimer Schlossfest<\/a><\/strong> <strong>mit Kunst, Musik, Kultur, Wissenschaft und Party. Die\u00a0 <a href=\"https:\/\/www.uni-mannheim.de\/schlossfest\/programm\/und-mehr\/\" target=\"_blank\" rel=\"noopener\">Erstsemester<\/a> werden an diesem Tag offiziell begr\u00fc\u00dft.<\/strong><\/p>\n<p>Die Bibliotheksbereiche<strong> Schloss Ehrenhof (Hasso-Plattner-Bibliothek) <\/strong>und<strong> Schloss Schneckenhof\u00a0 (BWL + Learning Center)<\/strong> schlie\u00dfen\u00a0<strong> an diesem Tag bereits um 16 Uhr. <\/strong>Der <strong>R\u00fcckgabeautomat im Ausleihzentrum <\/strong>wird an diesem Tag <strong>ab 17 Uhr <\/strong>nicht mehr zug\u00e4nglich sein.\u00a0 <strong><br \/>\n<\/strong><\/p>\n<p>Die <strong>Bibliotheksbereiche A3<\/strong> und <strong>A5<\/strong> haben f\u00fcr alle, die an diesem Tag lernen wollen oder m\u00fcssen, bis 23:00 Uhr <strong>ge\u00f6ffnet<\/strong>. Am <strong>Sonntag,<\/strong> <strong>09. September<\/strong> sind <strong>alle <a href=\"https:\/\/www.bib.uni-mannheim.de\/oeffnungszeiten\/\" target=\"_blank\" rel=\"noopener\">Bibliotheksbereiche<\/a><\/strong> wieder wie gewohnt f\u00fcr Sie da.<\/p>\n<p><strong>Wir w\u00fcnschen allen ein interessantes und fr\u00f6hliches Fest!<\/strong><\/p>\n<p>&nbsp;<\/p>\n","protected":false},"excerpt":{"rendered":"<p>Am Samstag, 08. September 2018 feiert die\u00a0Universit\u00e4t Mannheim zum 15. Mal das Mannheimer Schlossfest mit Kunst, Musik, Kultur, Wissenschaft und Party. Die\u00a0 Erstsemester werden an diesem Tag offiziell begr\u00fc\u00dft. Die Bibliotheksbereiche Schloss Ehrenhof (Hasso-Plattner-Bibliothek) und Schloss Schneckenhof\u00a0 (BWL + Learning &hellip; <a href=\"https:\/\/blog.bib.uni-mannheim.de\/Aktuelles\/?p=17659\">Weiterlesen <span class=\"meta-nav\">&rarr;<\/span><\/a><\/p>\n","protected":false},"author":33,"featured_media":0,"comment_status":"open","ping_status":"open","sticky":false,"template":"","format":"standard","meta":{"footnotes":""},"categories":[1,9,20,12,8],"tags":[],"class_list":["post-17659","post","type-post","status-publish","format-standard","hentry","category-allgemein","category-aus-den-bereichen","category-oeffnungszeiten","category-campus","category-veranstaltungen"],"views":2459,"_links":{"self":[{"href":"https:\/\/blog.bib.uni-mannheim.de\/Aktuelles\/index.php?rest_route=\/wp\/v2\/posts\/17659","targetHints":{"allow":["GET"]}}],"collection":[{"href":"https:\/\/blog.bib.uni-mannheim.de\/Aktuelles\/index.php?rest_route=\/wp\/v2\/posts"}],"about":[{"href":"https:\/\/blog.bib.uni-mannheim.de\/Aktuelles\/index.php?rest_route=\/wp\/v2\/types\/post"}],"author":[{"embeddable":true,"href":"https:\/\/blog.bib.uni-mannheim.de\/Aktuelles\/index.php?rest_route=\/wp\/v2\/users\/33"}],"replies":[{"embeddable":true,"href":"https:\/\/blog.bib.uni-mannheim.de\/Aktuelles\/index.php?rest_route=%2Fwp%2Fv2%2Fcomments&post=17659"}],"version-history":[{"count":0,"href":"https:\/\/blog.bib.uni-mannheim.de\/Aktuelles\/index.php?rest_route=\/wp\/v2\/posts\/17659\/revisions"}],"wp:attachment":[{"href":"https:\/\/blog.bib.uni-mannheim.de\/Aktuelles\/index.php?rest_route=%2Fwp%2Fv2%2Fmedia&parent=17659"}],"wp:term":[{"taxonomy":"category","embeddable":true,"href":"https:\/\/blog.bib.uni-mannheim.de\/Aktuelles\/index.php?rest_route=%2Fwp%2Fv2%2Fcategories&post=17659"},{"taxonomy":"post_tag","embeddable":true,"href":"https:\/\/blog.bib.uni-mannheim.de\/Aktuelles\/index.php?rest_route=%2Fwp%2Fv2%2Ftags&post=17659"}],"curies":[{"name":"wp","href":"https:\/\/api.w.org\/{rel}","templated":true}]}}