{"id":180,"date":"2007-08-07T13:08:06","date_gmt":"2007-08-07T11:08:06","guid":{"rendered":"http:\/\/blog.bib.uni-mannheim.de\/Aktuelles\/?p=180"},"modified":"2008-07-03T17:32:08","modified_gmt":"2008-07-03T15:32:08","slug":"ihre-wunsche-an-den-online-katalog","status":"publish","type":"post","link":"https:\/\/blog.bib.uni-mannheim.de\/Aktuelles\/?p=180","title":{"rendered":"Ihre W\u00fcnsche an den Online-Katalog"},"content":{"rendered":"<p><a href=\"http:\/\/blog.bib.uni-mannheim.de\/Aktuelles\/?p=180\"><img decoding=\"async\" align=\"left\" alt=\"buch\" title=\"buch\" src=\"https:\/\/www.bib.uni-mannheim.de\/typo3\/thumbs.php?&#038;dummy=1186479073&#038;file=..%2Fuploads%2Fpics%2Frotesbuch.jpg\" \/><\/a>Der neue Online-Katalog wird von uns fortlaufend optimiert. Wir mussten diese neue Katalogsoftware einf\u00fchren, da der altgewohnte Katalog zwar optisch sch\u00f6n, aber von der Programmierung her nicht mehr zur Verwaltung der st\u00e4ndig wachsenden Datenmenge ausreichte.<br \/>\nWir freuen uns \u00fcber jede Anregung, die die Benutzung des Kataloges erleichtert. Wir besch\u00e4ftigen uns mit allen W\u00fcnschen, und werden umsetzen, was immer m\u00f6glich ist.<br \/>\nHier finden Sie eine \u00dcbersicht \u00fcber Ihre W\u00fcnsche <!--more-->an den neuen Online-Katalog und den Stand der Umsetzung:<\/p>\n<p>* Blauer Hintergrund mit schwarzer Schrift im IE 07 ist schlecht lesbar: <em>Wurde bereinigt.<\/em><\/p>\n<p>* Die Schrift ist zu klein: <em>Wurde bereinigt.<\/em><\/p>\n<p>* Die Daten\u00fcbernahme aus dem Katalog nach <a title=\"refworks\" href=\"http:\/\/www.bib.uni-mannheim.de\/428.html\">RefWorks<\/a> und anderen Literaturverwaltungsprogrammen funktioniert nicht: <em>Die Anbindung an den Katalog wurde umgesetzt.<\/em><\/p>\n<p>* Die Sortierung ist schlecht: <em>Sie wurde optimiert.<\/em><\/p>\n<p>* Einzelr\u00fcckgabequittungen verl\u00e4ngern die Wartezeit an der Ausleihtheke: <em>Es gibt Sammelr\u00fcckgabequittungen.<\/em><\/p>\n<p>* Die Ampelfunktion gibt es nicht mehr: <em>Es wird sie auch nicht mehr geben.<\/em><\/p>\n<p>* Die Einzelverl\u00e4ngerung ist sehr umst\u00e4ndlich: <em>Neben der Einzelverl\u00e4ngerung gibt es im neuen Katalog die M\u00f6glichkeit \u201ealle verl\u00e4ngern\u201c oder \u201emarkierte verl\u00e4ngern\u201c zu w\u00e4hlen.<\/em><\/p>\n<p>* Man sieht auf dem Kontoauszug nicht, ob das Buch schon mal verl\u00e4ngert wurde: <em>Da es keine Begrenzung der Verl\u00e4ngerungsm\u00f6glichkeit mehr gibt, ist diese Funktion nicht mehr notwendig.<\/em><\/p>\n<p>* Die E-Mailadresse oder die Postanschrift kann nicht online oder von Mitarbeitern der Bibliothek ge\u00e4ndert werden: <em>Die Zust\u00e4ndigkeit f\u00fcr personenbezogene \u00c4nderungen liegt beim Rechenzentrum. F\u00fcr E-Mailadressen ist es aber sowieso am g\u00fcnstigsten, \u00fcber die Mailschnittstelle vom Mail-Client des RUM eine Weiterleitung einzurichten.<\/em><\/p>\n<p>* Die Suchm\u00f6glichkeit nach &#8222;nur Zeitschriften&#8220; fehlt: <em>Diese Suchfunktion ist aktiviert: bitte die Men\u00fc-Leiste &#8222;Gesamtbestand der UB&#8220; \u00f6ffnen und &#8222;Zeitschriften&#8220; ausw\u00e4hlen.<br \/>\n<\/em><\/p>\n<p>* Vormerkungen sollten schon auf der &#8222;ersten Ebene&#8220; in der Titelliste zu erkennen sein: <em>Diese Funktion wird gepr\u00fcft.<\/em><\/p>\n<p>* Die Stornierung irrt\u00fcmlich bestellter B\u00fccher sollte m\u00f6glich sein: <em>Diese Funktion ist nicht notwendig. Zeitgleich mit der Absendung wird die Bestellung ausgedruckt und ist damit &#8222;in Bearbeitung&#8220;. Kosten sind f\u00fcr die Besteller mit einer Falschbestellung nicht verbunden. Nicht abgeholte B\u00fccher werden nach einer Woche wieder ins Magazin zur\u00fcckgestellt.<\/em><\/p>\n<p>* Kombinierter Login f\u00fcr Online-Katalog und Elektra-Portal: <em>Diese Funktion wird gepr\u00fcft.<\/em><\/p>\n<p>* Ausleih- und Pr\u00e4senzbest\u00e4nde sollten leichter und bereits auf der ersten Ebene zu erkennen sein: <em>Diese Funktion wird gepr\u00fcft.<\/em><\/p>\n","protected":false},"excerpt":{"rendered":"<p>Der neue Online-Katalog wird von uns fortlaufend optimiert. Wir mussten diese neue Katalogsoftware einf\u00fchren, da der altgewohnte Katalog zwar optisch sch\u00f6n, aber von der Programmierung her nicht mehr zur Verwaltung der st\u00e4ndig wachsenden Datenmenge ausreichte. Wir freuen uns \u00fcber jede &hellip; <a href=\"https:\/\/blog.bib.uni-mannheim.de\/Aktuelles\/?p=180\">Weiterlesen <span class=\"meta-nav\">&rarr;<\/span><\/a><\/p>\n","protected":false},"author":19,"featured_media":0,"comment_status":"open","ping_status":"open","sticky":false,"template":"","format":"standard","meta":{"footnotes":""},"categories":[2],"tags":[],"class_list":["post-180","post","type-post","status-publish","format-standard","hentry","category-services"],"views":64633,"_links":{"self":[{"href":"https:\/\/blog.bib.uni-mannheim.de\/Aktuelles\/index.php?rest_route=\/wp\/v2\/posts\/180","targetHints":{"allow":["GET"]}}],"collection":[{"href":"https:\/\/blog.bib.uni-mannheim.de\/Aktuelles\/index.php?rest_route=\/wp\/v2\/posts"}],"about":[{"href":"https:\/\/blog.bib.uni-mannheim.de\/Aktuelles\/index.php?rest_route=\/wp\/v2\/types\/post"}],"author":[{"embeddable":true,"href":"https:\/\/blog.bib.uni-mannheim.de\/Aktuelles\/index.php?rest_route=\/wp\/v2\/users\/19"}],"replies":[{"embeddable":true,"href":"https:\/\/blog.bib.uni-mannheim.de\/Aktuelles\/index.php?rest_route=%2Fwp%2Fv2%2Fcomments&post=180"}],"version-history":[{"count":0,"href":"https:\/\/blog.bib.uni-mannheim.de\/Aktuelles\/index.php?rest_route=\/wp\/v2\/posts\/180\/revisions"}],"wp:attachment":[{"href":"https:\/\/blog.bib.uni-mannheim.de\/Aktuelles\/index.php?rest_route=%2Fwp%2Fv2%2Fmedia&parent=180"}],"wp:term":[{"taxonomy":"category","embeddable":true,"href":"https:\/\/blog.bib.uni-mannheim.de\/Aktuelles\/index.php?rest_route=%2Fwp%2Fv2%2Fcategories&post=180"},{"taxonomy":"post_tag","embeddable":true,"href":"https:\/\/blog.bib.uni-mannheim.de\/Aktuelles\/index.php?rest_route=%2Fwp%2Fv2%2Ftags&post=180"}],"curies":[{"name":"wp","href":"https:\/\/api.w.org\/{rel}","templated":true}]}}