{"id":18045,"date":"2018-12-12T10:09:21","date_gmt":"2018-12-12T09:09:21","guid":{"rendered":"https:\/\/blog.bib.uni-mannheim.de\/Aktuelles\/?p=18045"},"modified":"2019-01-02T14:11:29","modified_gmt":"2019-01-02T13:11:29","slug":"kurzausleihe-ueber-den-jahreswechsel","status":"publish","type":"post","link":"https:\/\/blog.bib.uni-mannheim.de\/Aktuelles\/?p=18045","title":{"rendered":"Kurzausleihe \u00fcber den Jahreswechsel"},"content":{"rendered":"<p><strong><a href=\"https:\/\/blog.bib.uni-mannheim.de\/Aktuelles\/wp-content\/uploads\/2017\/12\/Weihnachten_17_pixabay_original_snow-1711697_1280.jpg\"><img loading=\"lazy\" decoding=\"async\" class=\"alignleft wp-image-16592\" src=\"https:\/\/blog.bib.uni-mannheim.de\/Aktuelles\/wp-content\/uploads\/2017\/12\/Weihnachten_17_pixabay_original_snow-1711697_1280.jpg\" alt=\"\" width=\"285\" height=\"184\" srcset=\"https:\/\/blog.bib.uni-mannheim.de\/Aktuelles\/wp-content\/uploads\/2017\/12\/Weihnachten_17_pixabay_original_snow-1711697_1280.jpg 973w, https:\/\/blog.bib.uni-mannheim.de\/Aktuelles\/wp-content\/uploads\/2017\/12\/Weihnachten_17_pixabay_original_snow-1711697_1280-300x193.jpg 300w, https:\/\/blog.bib.uni-mannheim.de\/Aktuelles\/wp-content\/uploads\/2017\/12\/Weihnachten_17_pixabay_original_snow-1711697_1280-768x495.jpg 768w\" sizes=\"auto, (max-width: 285px) 100vw, 285px\" \/><\/a><\/strong>Von 22. Dezember 2018 bis 1. Januar 2019 sind alle Bibliotheksbereiche geschlossen.<\/p>\n<p>F\u00fcr die Schlie\u00dfzeit der Bibliothek bieten wir den <strong>Studierenden der Universit\u00e4t Mannheim <\/strong>ausnahmsweise eine <strong>Kurzausleihe aus den Best\u00e4nden der Pr\u00e4senzbibliotheken<\/strong> an. Sie k\u00f6nnen am 21. Dezember in der Zeit zwischen 14 Uhr und 18 Uhr maximal 5 B\u00fccher pro Person entleihen. Die B\u00fccher m\u00fcssen am 2. Januar bis sp\u00e4testens um 12 Uhr im Bibliotheksbereich zur\u00fcckgegeben werden.<\/p>\n<p><strong>Wir w\u00fcnschen Ihnen eine sch\u00f6ne Weihnachtszeit und einen guten Rutsch!<\/strong><\/p>\n","protected":false},"excerpt":{"rendered":"<p>Von 22. Dezember 2018 bis 1. Januar 2019 sind alle Bibliotheksbereiche geschlossen. F\u00fcr die Schlie\u00dfzeit der Bibliothek bieten wir den Studierenden der Universit\u00e4t Mannheim ausnahmsweise eine Kurzausleihe aus den Best\u00e4nden der Pr\u00e4senzbibliotheken an. Sie k\u00f6nnen am 21. Dezember in der &hellip; <a href=\"https:\/\/blog.bib.uni-mannheim.de\/Aktuelles\/?p=18045\">Weiterlesen <span class=\"meta-nav\">&rarr;<\/span><\/a><\/p>\n","protected":false},"author":20,"featured_media":0,"comment_status":"open","ping_status":"open","sticky":false,"template":"","format":"standard","meta":{"footnotes":""},"categories":[1,9,20],"tags":[],"class_list":["post-18045","post","type-post","status-publish","format-standard","hentry","category-allgemein","category-aus-den-bereichen","category-oeffnungszeiten"],"views":3957,"_links":{"self":[{"href":"https:\/\/blog.bib.uni-mannheim.de\/Aktuelles\/index.php?rest_route=\/wp\/v2\/posts\/18045","targetHints":{"allow":["GET"]}}],"collection":[{"href":"https:\/\/blog.bib.uni-mannheim.de\/Aktuelles\/index.php?rest_route=\/wp\/v2\/posts"}],"about":[{"href":"https:\/\/blog.bib.uni-mannheim.de\/Aktuelles\/index.php?rest_route=\/wp\/v2\/types\/post"}],"author":[{"embeddable":true,"href":"https:\/\/blog.bib.uni-mannheim.de\/Aktuelles\/index.php?rest_route=\/wp\/v2\/users\/20"}],"replies":[{"embeddable":true,"href":"https:\/\/blog.bib.uni-mannheim.de\/Aktuelles\/index.php?rest_route=%2Fwp%2Fv2%2Fcomments&post=18045"}],"version-history":[{"count":0,"href":"https:\/\/blog.bib.uni-mannheim.de\/Aktuelles\/index.php?rest_route=\/wp\/v2\/posts\/18045\/revisions"}],"wp:attachment":[{"href":"https:\/\/blog.bib.uni-mannheim.de\/Aktuelles\/index.php?rest_route=%2Fwp%2Fv2%2Fmedia&parent=18045"}],"wp:term":[{"taxonomy":"category","embeddable":true,"href":"https:\/\/blog.bib.uni-mannheim.de\/Aktuelles\/index.php?rest_route=%2Fwp%2Fv2%2Fcategories&post=18045"},{"taxonomy":"post_tag","embeddable":true,"href":"https:\/\/blog.bib.uni-mannheim.de\/Aktuelles\/index.php?rest_route=%2Fwp%2Fv2%2Ftags&post=18045"}],"curies":[{"name":"wp","href":"https:\/\/api.w.org\/{rel}","templated":true}]}}