{"id":18285,"date":"2019-02-28T12:26:54","date_gmt":"2019-02-28T11:26:54","guid":{"rendered":"https:\/\/blog.bib.uni-mannheim.de\/Aktuelles\/?p=18285"},"modified":"2019-04-24T11:18:42","modified_gmt":"2019-04-24T09:18:42","slug":"referendarin-referendar-fuer-den-hoeheren-bibliotheksdienst-gesucht","status":"publish","type":"post","link":"https:\/\/blog.bib.uni-mannheim.de\/Aktuelles\/?p=18285","title":{"rendered":"Referendarin\/Referendar f\u00fcr den H\u00f6heren Bibliotheksdienst gesucht"},"content":{"rendered":"\n<div class=\"wp-block-image\"><figure class=\"alignright is-resized\"><img loading=\"lazy\" decoding=\"async\" src=\"https:\/\/blog.bib.uni-mannheim.de\/Aktuelles\/wp-content\/uploads\/2018\/11\/ub_LOGO_d_4cBlog-300x183.jpg\" alt=\"\" class=\"wp-image-17988\" width=\"150\" height=\"92\"\/><\/figure><\/div>\n\n\n\n<p>Die <a rel=\"noreferrer noopener\" href=\"http:\/\/www.bib.uni-mannheim.de\/\" target=\"_blank\"><strong>Universit\u00e4tsbibliothek Mannheim<\/strong><\/a> stellt zum <strong>1. Oktober 2019 eine\/einen Bibliotheksreferendar\/-in f\u00fcr den h\u00f6heren Bibliotheksdienst an wissenschaftlichen Bibliotheken<\/strong> im Fach <strong>Geschichte<\/strong> ein.<\/p>\n\n\n\n<p><strong><del>Bewerbungschluss ist der<\/del><\/strong><del> <\/del><strong><del>1. April 2019<\/del>. Die Bewerbungsfrist wurde bis zum 15. April 2019 verl\u00e4ngert (aktualisiert am 28.03.2019). <\/strong><\/p>\n\n\n\n<p>Weitere<strong> <a rel=\"noreferrer noopener\" aria-label=\"Informationen (\u00f6ffnet in neuem Tab)\" href=\"https:\/\/www.wlb-stuttgart.de\/die-wlb\/ausbildung\/merkblatt-hoeherer-dienst\/\" target=\"_blank\">Informationen<\/a><\/strong> und die <strong>Bewerbungsmodalit\u00e4ten<\/strong><br \/>entnehmen Sie bitte der <strong><a href=\"https:\/\/www.wlb-stuttgart.de\/die-wlb\/ausbildung\/hoeherer-dienst\/\">Stellenanzeige<\/a><\/strong>.<\/p>\n\n\n<hr \/>\n<p><em><strong>Wichtiger Hinweis:<\/strong> Die E-Mail-Adresse der UB Mannheim war leider fehlerhaft (korrigiert am 28. M\u00e4rz). Die Bewerbungsfrist war deshalb&nbsp; bis zum 15. April verl\u00e4ngert worden.<\/em><\/p>\n<p><em>Da nicht ausgeschlossen werden kann, dass Bewerbungsunterlagen bis zur Korrektur am 28. M\u00e4rz einem anderen Empf\u00e4nger zugegangen sind, bitten wir alle <strong>Bewerber, die ihre Bewerbungsunterlagen vor dem 29. M\u00e4rz 2019 an der UB Mannheim eingereicht haben, sich unter der E-Mail-Adresse <a href=\"mailto:ub@bib.uni-mannheim.de\">ub@bib.uni-mannheim.de<\/a> oder der Telefonnummer 0621-181 3335 zu melden<\/strong>.<\/em><\/p>\n\n\n<p><\/p>\n","protected":false},"excerpt":{"rendered":"<p>Die Universit\u00e4tsbibliothek Mannheim stellt zum 1. Oktober 2019 eine\/einen Bibliotheksreferendar\/-in f\u00fcr den h\u00f6heren Bibliotheksdienst an wissenschaftlichen Bibliotheken im Fach Geschichte ein. Bewerbungschluss ist der 1. April 2019. Die Bewerbungsfrist wurde bis zum 15. April 2019 verl\u00e4ngert (aktualisiert am 28.03.2019). Weitere &hellip; <a href=\"https:\/\/blog.bib.uni-mannheim.de\/Aktuelles\/?p=18285\">Weiterlesen <span class=\"meta-nav\">&rarr;<\/span><\/a><\/p>\n","protected":false},"author":33,"featured_media":0,"comment_status":"open","ping_status":"open","sticky":false,"template":"","format":"standard","meta":{"footnotes":""},"categories":[1,11],"tags":[],"class_list":["post-18285","post","type-post","status-publish","format-standard","hentry","category-allgemein","category-stellenangebote"],"views":2010,"_links":{"self":[{"href":"https:\/\/blog.bib.uni-mannheim.de\/Aktuelles\/index.php?rest_route=\/wp\/v2\/posts\/18285","targetHints":{"allow":["GET"]}}],"collection":[{"href":"https:\/\/blog.bib.uni-mannheim.de\/Aktuelles\/index.php?rest_route=\/wp\/v2\/posts"}],"about":[{"href":"https:\/\/blog.bib.uni-mannheim.de\/Aktuelles\/index.php?rest_route=\/wp\/v2\/types\/post"}],"author":[{"embeddable":true,"href":"https:\/\/blog.bib.uni-mannheim.de\/Aktuelles\/index.php?rest_route=\/wp\/v2\/users\/33"}],"replies":[{"embeddable":true,"href":"https:\/\/blog.bib.uni-mannheim.de\/Aktuelles\/index.php?rest_route=%2Fwp%2Fv2%2Fcomments&post=18285"}],"version-history":[{"count":0,"href":"https:\/\/blog.bib.uni-mannheim.de\/Aktuelles\/index.php?rest_route=\/wp\/v2\/posts\/18285\/revisions"}],"wp:attachment":[{"href":"https:\/\/blog.bib.uni-mannheim.de\/Aktuelles\/index.php?rest_route=%2Fwp%2Fv2%2Fmedia&parent=18285"}],"wp:term":[{"taxonomy":"category","embeddable":true,"href":"https:\/\/blog.bib.uni-mannheim.de\/Aktuelles\/index.php?rest_route=%2Fwp%2Fv2%2Fcategories&post=18285"},{"taxonomy":"post_tag","embeddable":true,"href":"https:\/\/blog.bib.uni-mannheim.de\/Aktuelles\/index.php?rest_route=%2Fwp%2Fv2%2Ftags&post=18285"}],"curies":[{"name":"wp","href":"https:\/\/api.w.org\/{rel}","templated":true}]}}