{"id":1863,"date":"2010-06-17T10:57:17","date_gmt":"2010-06-17T09:57:17","guid":{"rendered":"http:\/\/blog.bib.uni-mannheim.de\/Aktuelles\/?p=1863"},"modified":"2010-09-20T16:38:09","modified_gmt":"2010-09-20T15:38:09","slug":"bibliotheksangestellter-tv-l-13-fur-bwl-und-medien-gesucht","status":"publish","type":"post","link":"https:\/\/blog.bib.uni-mannheim.de\/Aktuelles\/?p=1863","title":{"rendered":"Bibliotheksangestellte\/r TV-L 13 f\u00fcr BWL und Medien gesucht"},"content":{"rendered":"<p>[update 20.08.2010] Die Bewerbungsfrist ist abgelaufen.<\/p>\n<p>An der Universit\u00e4tsbibliothek Mannheim ist zum 01. Oktober 2010 die Stelle <strong>einer \/ eines Mitarbeiterin \/ Mitarbeiters (Verg\u00fctungsgruppe TV-L 13) f\u00fcr die Betreuung <\/strong><strong>des Fachreferats Betriebswirtschaftslehre <\/strong><strong>sowie Serviceleistungen f\u00fcr die Mediathek und die beiden Sprachlabore <\/strong>zun\u00e4chst befristet f\u00fcr die Dauer von 2 Jahren zu besetzen.<\/p>\n<p>Bewerbungschluss ist der 16. August 2010.<\/p>\n","protected":false},"excerpt":{"rendered":"<p>[update 20.08.2010] Die Bewerbungsfrist ist abgelaufen. An der Universit\u00e4tsbibliothek Mannheim ist zum 01. Oktober 2010 die Stelle einer \/ eines Mitarbeiterin \/ Mitarbeiters (Verg\u00fctungsgruppe TV-L 13) f\u00fcr die Betreuung des Fachreferats Betriebswirtschaftslehre sowie Serviceleistungen f\u00fcr die Mediathek und die beiden &hellip; <a href=\"https:\/\/blog.bib.uni-mannheim.de\/Aktuelles\/?p=1863\">Weiterlesen <span class=\"meta-nav\">&rarr;<\/span><\/a><\/p>\n","protected":false},"author":19,"featured_media":0,"comment_status":"open","ping_status":"open","sticky":false,"template":"","format":"standard","meta":{"footnotes":""},"categories":[11],"tags":[],"class_list":["post-1863","post","type-post","status-publish","format-standard","hentry","category-stellenangebote"],"views":4074,"_links":{"self":[{"href":"https:\/\/blog.bib.uni-mannheim.de\/Aktuelles\/index.php?rest_route=\/wp\/v2\/posts\/1863","targetHints":{"allow":["GET"]}}],"collection":[{"href":"https:\/\/blog.bib.uni-mannheim.de\/Aktuelles\/index.php?rest_route=\/wp\/v2\/posts"}],"about":[{"href":"https:\/\/blog.bib.uni-mannheim.de\/Aktuelles\/index.php?rest_route=\/wp\/v2\/types\/post"}],"author":[{"embeddable":true,"href":"https:\/\/blog.bib.uni-mannheim.de\/Aktuelles\/index.php?rest_route=\/wp\/v2\/users\/19"}],"replies":[{"embeddable":true,"href":"https:\/\/blog.bib.uni-mannheim.de\/Aktuelles\/index.php?rest_route=%2Fwp%2Fv2%2Fcomments&post=1863"}],"version-history":[{"count":0,"href":"https:\/\/blog.bib.uni-mannheim.de\/Aktuelles\/index.php?rest_route=\/wp\/v2\/posts\/1863\/revisions"}],"wp:attachment":[{"href":"https:\/\/blog.bib.uni-mannheim.de\/Aktuelles\/index.php?rest_route=%2Fwp%2Fv2%2Fmedia&parent=1863"}],"wp:term":[{"taxonomy":"category","embeddable":true,"href":"https:\/\/blog.bib.uni-mannheim.de\/Aktuelles\/index.php?rest_route=%2Fwp%2Fv2%2Fcategories&post=1863"},{"taxonomy":"post_tag","embeddable":true,"href":"https:\/\/blog.bib.uni-mannheim.de\/Aktuelles\/index.php?rest_route=%2Fwp%2Fv2%2Ftags&post=1863"}],"curies":[{"name":"wp","href":"https:\/\/api.w.org\/{rel}","templated":true}]}}