{"id":1873,"date":"2010-06-21T13:56:09","date_gmt":"2010-06-21T12:56:09","guid":{"rendered":"http:\/\/blog.bib.uni-mannheim.de\/Aktuelles\/?p=1873"},"modified":"2011-05-06T14:18:37","modified_gmt":"2011-05-06T13:18:37","slug":"bibliotheksbereich-schloss-ehrenhof-bis-5-9-wochenends-ab-8-uhr-geoffnet","status":"publish","type":"post","link":"https:\/\/blog.bib.uni-mannheim.de\/Aktuelles\/?p=1873","title":{"rendered":"Bibliotheksbereich Schloss Ehrenhof bis 5.9. wochenends ab 8 Uhr ge\u00f6ffnet"},"content":{"rendered":"<p>Der<strong> <a title=\"BBSE\" href=\"http:\/\/www.bib.uni-mannheim.de\/70.html\" target=\"_blank\">Bibliotheksbereich Schloss Ehrenhof<\/a><\/strong> (Hasso-Plattner-Bibliothek) hat <strong> bis zum Ende der vorlesungsfreien Zeit am 5. September 2010 an  Wochenenden weiterhin ab 8 Uhr fr\u00fch ge\u00f6ffnet<\/strong>. Die  Nachtschlie\u00dfung erfolgt wie in den Bibliotheksbereichen <a title=\"BBA3\" href=\"http:\/\/www.bib.uni-mannheim.de\/68.html\" target=\"_blank\">A3<\/a>, <a title=\"BBA5\" href=\"http:\/\/www.bib.uni-mannheim.de\/69.html\" target=\"_blank\">A5<\/a> und <a title=\"BBBWL\" href=\"http:\/\/www.bib.uni-mannheim.de\/72.html\" target=\"_blank\">BWL<\/a> t\u00e4glich um 24 Uhr.<\/p>\n<p>Mit dieser Regelung kommen wir einem Wunsch des <a title=\"Fachschaftsrat\" href=\"http:\/\/www.uni-mannheim.de\/1\/studium\/engagement\/studierendenvertreter\/index.html\" target=\"_blank\">Fachschaftsrates<\/a> nach.<br \/>\nDie verl\u00e4ngerten \u00d6ffnungszeiten werden aus Studiengeb\u00fchren finanziert.<\/p>\n<p>Die <strong>\u00dcbersicht<\/strong> der regul\u00e4ren <strong>\u00d6ffnungszeiten<\/strong> aller Bibliotheksbereiche  finden Sie <a title=\"OeZ Uebersicht\" href=\"http:\/\/www.bib.uni-mannheim.de\/88.html\" target=\"_blank\"><strong>hier<\/strong><\/a>.<\/p>\n","protected":false},"excerpt":{"rendered":"<p>Der Bibliotheksbereich Schloss Ehrenhof (Hasso-Plattner-Bibliothek) hat bis zum Ende der vorlesungsfreien Zeit am 5. September 2010 an Wochenenden weiterhin ab 8 Uhr fr\u00fch ge\u00f6ffnet. Die Nachtschlie\u00dfung erfolgt wie in den Bibliotheksbereichen A3, A5 und BWL t\u00e4glich um 24 Uhr. Mit &hellip; <a href=\"https:\/\/blog.bib.uni-mannheim.de\/Aktuelles\/?p=1873\">Weiterlesen <span class=\"meta-nav\">&rarr;<\/span><\/a><\/p>\n","protected":false},"author":19,"featured_media":0,"comment_status":"open","ping_status":"open","sticky":false,"template":"","format":"standard","meta":{"footnotes":""},"categories":[9,20],"tags":[],"class_list":["post-1873","post","type-post","status-publish","format-standard","hentry","category-aus-den-bereichen","category-oeffnungszeiten"],"views":4190,"_links":{"self":[{"href":"https:\/\/blog.bib.uni-mannheim.de\/Aktuelles\/index.php?rest_route=\/wp\/v2\/posts\/1873","targetHints":{"allow":["GET"]}}],"collection":[{"href":"https:\/\/blog.bib.uni-mannheim.de\/Aktuelles\/index.php?rest_route=\/wp\/v2\/posts"}],"about":[{"href":"https:\/\/blog.bib.uni-mannheim.de\/Aktuelles\/index.php?rest_route=\/wp\/v2\/types\/post"}],"author":[{"embeddable":true,"href":"https:\/\/blog.bib.uni-mannheim.de\/Aktuelles\/index.php?rest_route=\/wp\/v2\/users\/19"}],"replies":[{"embeddable":true,"href":"https:\/\/blog.bib.uni-mannheim.de\/Aktuelles\/index.php?rest_route=%2Fwp%2Fv2%2Fcomments&post=1873"}],"version-history":[{"count":0,"href":"https:\/\/blog.bib.uni-mannheim.de\/Aktuelles\/index.php?rest_route=\/wp\/v2\/posts\/1873\/revisions"}],"wp:attachment":[{"href":"https:\/\/blog.bib.uni-mannheim.de\/Aktuelles\/index.php?rest_route=%2Fwp%2Fv2%2Fmedia&parent=1873"}],"wp:term":[{"taxonomy":"category","embeddable":true,"href":"https:\/\/blog.bib.uni-mannheim.de\/Aktuelles\/index.php?rest_route=%2Fwp%2Fv2%2Fcategories&post=1873"},{"taxonomy":"post_tag","embeddable":true,"href":"https:\/\/blog.bib.uni-mannheim.de\/Aktuelles\/index.php?rest_route=%2Fwp%2Fv2%2Ftags&post=1873"}],"curies":[{"name":"wp","href":"https:\/\/api.w.org\/{rel}","templated":true}]}}