{"id":18950,"date":"2019-07-12T07:38:38","date_gmt":"2019-07-12T05:38:38","guid":{"rendered":"https:\/\/blog.bib.uni-mannheim.de\/Aktuelles\/?p=18950"},"modified":"2020-06-17T14:35:52","modified_gmt":"2020-06-17T12:35:52","slug":"schloss-in-flammen-bibliotheksbereich-schloss-ehrenhof-schliesst-am-samstag-20-juli-um-16-uhr","status":"publish","type":"post","link":"https:\/\/blog.bib.uni-mannheim.de\/Aktuelles\/?p=18950","title":{"rendered":"&#8222;Schloss in Flammen&#8220;: Bibliotheksbereich Schloss Ehrenhof schlie\u00dft am Samstag, 20. Juli um 16 Uhr"},"content":{"rendered":"\n<div class=\"wp-block-image\"><figure class=\"alignright\"><img loading=\"lazy\" decoding=\"async\" width=\"300\" height=\"157\" src=\"https:\/\/blog.bib.uni-mannheim.de\/Aktuelles\/wp-content\/uploads\/2019\/07\/Mannheimer_Schloss_in_Flammen_2013_Sutter-van_Stek_0010gro\u00df-300x157.jpg\" alt=\"\" class=\"wp-image-18960\" srcset=\"https:\/\/blog.bib.uni-mannheim.de\/Aktuelles\/wp-content\/uploads\/2019\/07\/Mannheimer_Schloss_in_Flammen_2013_Sutter-van_Stek_0010gro\u00df-300x157.jpg 300w, https:\/\/blog.bib.uni-mannheim.de\/Aktuelles\/wp-content\/uploads\/2019\/07\/Mannheimer_Schloss_in_Flammen_2013_Sutter-van_Stek_0010gro\u00df-768x401.jpg 768w, https:\/\/blog.bib.uni-mannheim.de\/Aktuelles\/wp-content\/uploads\/2019\/07\/Mannheimer_Schloss_in_Flammen_2013_Sutter-van_Stek_0010gro\u00df-1024x535.jpg 1024w, https:\/\/blog.bib.uni-mannheim.de\/Aktuelles\/wp-content\/uploads\/2019\/07\/Mannheimer_Schloss_in_Flammen_2013_Sutter-van_Stek_0010gro\u00df.jpg 1600w\" sizes=\"auto, (max-width: 300px) 100vw, 300px\" \/><\/figure><\/div>\n\n\n\n<p>Wegen der Veranstaltung <a rel=\"noreferrer noopener\" aria-label=\"Schloss in Flammen (\u00f6ffnet in neuem Tab)\" href=\"https:\/\/www.schlossinflammen.de\/schloss-in-flammen-2018\/\" target=\"_blank\"><strong>Schloss in Flammen<\/strong><\/a> ist die Ehrenhofbibliothek am 20. Juli 2019 ab 16 Uhr geschlossen. Der <strong>Aufbau im Ehrenhof beginnt am Mittwoch, 17. Juli, es kann zu L\u00e4rmbel\u00e4stigung kommen<\/strong>. Am Sonntag, 21. Juli 2019 ist die Bibliothek wieder von 10 bis 23 Uhr ge\u00f6ffnet.<\/p>\n\n\n\n<p>Alle anderen <a href=\"https:\/\/www.bib.uni-mannheim.de\/oeffnungszeiten\/\"><strong>Bibliotheksbereiche<\/strong><\/a> sind von der Veranstaltung nicht beeintr\u00e4chtigt und stehen Ihnen zu den gewohnten \u00d6ffnungszeiten zur Verf\u00fcgung.<\/p>\n","protected":false},"excerpt":{"rendered":"<p>Wegen der Veranstaltung Schloss in Flammen ist die Ehrenhofbibliothek am 20. Juli 2019 ab 16 Uhr geschlossen. Der Aufbau im Ehrenhof beginnt am Mittwoch, 17. Juli, es kann zu L\u00e4rmbel\u00e4stigung kommen. Am Sonntag, 21. Juli 2019 ist die Bibliothek wieder &hellip; <a href=\"https:\/\/blog.bib.uni-mannheim.de\/Aktuelles\/?p=18950\">Weiterlesen <span class=\"meta-nav\">&rarr;<\/span><\/a><\/p>\n","protected":false},"author":33,"featured_media":0,"comment_status":"closed","ping_status":"closed","sticky":false,"template":"","format":"standard","meta":{"footnotes":""},"categories":[1,9,20,12,8],"tags":[],"class_list":["post-18950","post","type-post","status-publish","format-standard","hentry","category-allgemein","category-aus-den-bereichen","category-oeffnungszeiten","category-campus","category-veranstaltungen"],"views":51167,"_links":{"self":[{"href":"https:\/\/blog.bib.uni-mannheim.de\/Aktuelles\/index.php?rest_route=\/wp\/v2\/posts\/18950","targetHints":{"allow":["GET"]}}],"collection":[{"href":"https:\/\/blog.bib.uni-mannheim.de\/Aktuelles\/index.php?rest_route=\/wp\/v2\/posts"}],"about":[{"href":"https:\/\/blog.bib.uni-mannheim.de\/Aktuelles\/index.php?rest_route=\/wp\/v2\/types\/post"}],"author":[{"embeddable":true,"href":"https:\/\/blog.bib.uni-mannheim.de\/Aktuelles\/index.php?rest_route=\/wp\/v2\/users\/33"}],"replies":[{"embeddable":true,"href":"https:\/\/blog.bib.uni-mannheim.de\/Aktuelles\/index.php?rest_route=%2Fwp%2Fv2%2Fcomments&post=18950"}],"version-history":[{"count":0,"href":"https:\/\/blog.bib.uni-mannheim.de\/Aktuelles\/index.php?rest_route=\/wp\/v2\/posts\/18950\/revisions"}],"wp:attachment":[{"href":"https:\/\/blog.bib.uni-mannheim.de\/Aktuelles\/index.php?rest_route=%2Fwp%2Fv2%2Fmedia&parent=18950"}],"wp:term":[{"taxonomy":"category","embeddable":true,"href":"https:\/\/blog.bib.uni-mannheim.de\/Aktuelles\/index.php?rest_route=%2Fwp%2Fv2%2Fcategories&post=18950"},{"taxonomy":"post_tag","embeddable":true,"href":"https:\/\/blog.bib.uni-mannheim.de\/Aktuelles\/index.php?rest_route=%2Fwp%2Fv2%2Ftags&post=18950"}],"curies":[{"name":"wp","href":"https:\/\/api.w.org\/{rel}","templated":true}]}}