{"id":18968,"date":"2019-08-01T14:42:32","date_gmt":"2019-08-01T12:42:32","guid":{"rendered":"https:\/\/blog.bib.uni-mannheim.de\/Aktuelles\/?p=18968"},"modified":"2019-09-09T11:06:52","modified_gmt":"2019-09-09T09:06:52","slug":"neuordnung-der-medien-im-bibliotheksbereich-a3-sonderausleihe-ab-5-august","status":"publish","type":"post","link":"https:\/\/blog.bib.uni-mannheim.de\/Aktuelles\/?p=18968","title":{"rendered":"Neuordnung der Medien im Bibliotheksbereich A3 &#8211;                Sonderausleihe ab 5. August"},"content":{"rendered":"\n<div class=\"wp-block-image\"><figure class=\"alignleft is-resized\"><img loading=\"lazy\" decoding=\"async\" src=\"https:\/\/blog.bib.uni-mannheim.de\/Aktuelles\/wp-content\/uploads\/2019\/07\/header_fb_6_17-1024x389.jpg\" alt=\"\" class=\"wp-image-18970\" width=\"256\" height=\"97\" srcset=\"https:\/\/blog.bib.uni-mannheim.de\/Aktuelles\/wp-content\/uploads\/2019\/07\/header_fb_6_17-1024x389.jpg 1024w, https:\/\/blog.bib.uni-mannheim.de\/Aktuelles\/wp-content\/uploads\/2019\/07\/header_fb_6_17-300x114.jpg 300w, https:\/\/blog.bib.uni-mannheim.de\/Aktuelles\/wp-content\/uploads\/2019\/07\/header_fb_6_17-768x292.jpg 768w\" sizes=\"auto, (max-width: 256px) 100vw, 256px\" \/><\/figure><\/div>\n\n\n\n<p>In der <a href=\"https:\/\/www.bib.uni-mannheim.de\/bb-a3\/\">A3-Bibliothek<\/a> wird in den n\u00e4chsten drei Wochen der gesamte Medienbestand neu geordnet. Die Arbeiten finden im laufenden Betrieb statt, L\u00e4rmbel\u00e4stigung ist nicht zu vermeiden.<\/p>\n\n\n\n<p>Den Studierenden der Universit\u00e4t Mannheim bieten wir von <strong>5. bis 23. August tags\u00fcber eine Sonderausleihe<\/strong> an. Sie k\u00f6nnen <strong>bis zu 5 Medien ausleihen<\/strong>.<\/p>\n\n\n\n<p><strong>Wichtig: R\u00fcckgabe am gleichen Tag bis 18 Uhr.<\/strong><\/p>\n","protected":false},"excerpt":{"rendered":"<p>In der A3-Bibliothek wird in den n\u00e4chsten drei Wochen der gesamte Medienbestand neu geordnet. Die Arbeiten finden im laufenden Betrieb statt, L\u00e4rmbel\u00e4stigung ist nicht zu vermeiden. Den Studierenden der Universit\u00e4t Mannheim bieten wir von 5. bis 23. August tags\u00fcber eine &hellip; <a href=\"https:\/\/blog.bib.uni-mannheim.de\/Aktuelles\/?p=18968\">Weiterlesen <span class=\"meta-nav\">&rarr;<\/span><\/a><\/p>\n","protected":false},"author":33,"featured_media":0,"comment_status":"open","ping_status":"open","sticky":false,"template":"","format":"standard","meta":{"footnotes":""},"categories":[1],"tags":[],"class_list":["post-18968","post","type-post","status-publish","format-standard","hentry","category-allgemein"],"views":3584,"_links":{"self":[{"href":"https:\/\/blog.bib.uni-mannheim.de\/Aktuelles\/index.php?rest_route=\/wp\/v2\/posts\/18968","targetHints":{"allow":["GET"]}}],"collection":[{"href":"https:\/\/blog.bib.uni-mannheim.de\/Aktuelles\/index.php?rest_route=\/wp\/v2\/posts"}],"about":[{"href":"https:\/\/blog.bib.uni-mannheim.de\/Aktuelles\/index.php?rest_route=\/wp\/v2\/types\/post"}],"author":[{"embeddable":true,"href":"https:\/\/blog.bib.uni-mannheim.de\/Aktuelles\/index.php?rest_route=\/wp\/v2\/users\/33"}],"replies":[{"embeddable":true,"href":"https:\/\/blog.bib.uni-mannheim.de\/Aktuelles\/index.php?rest_route=%2Fwp%2Fv2%2Fcomments&post=18968"}],"version-history":[{"count":0,"href":"https:\/\/blog.bib.uni-mannheim.de\/Aktuelles\/index.php?rest_route=\/wp\/v2\/posts\/18968\/revisions"}],"wp:attachment":[{"href":"https:\/\/blog.bib.uni-mannheim.de\/Aktuelles\/index.php?rest_route=%2Fwp%2Fv2%2Fmedia&parent=18968"}],"wp:term":[{"taxonomy":"category","embeddable":true,"href":"https:\/\/blog.bib.uni-mannheim.de\/Aktuelles\/index.php?rest_route=%2Fwp%2Fv2%2Fcategories&post=18968"},{"taxonomy":"post_tag","embeddable":true,"href":"https:\/\/blog.bib.uni-mannheim.de\/Aktuelles\/index.php?rest_route=%2Fwp%2Fv2%2Ftags&post=18968"}],"curies":[{"name":"wp","href":"https:\/\/api.w.org\/{rel}","templated":true}]}}