{"id":19407,"date":"2019-11-25T10:14:22","date_gmt":"2019-11-25T09:14:22","guid":{"rendered":"https:\/\/blog.bib.uni-mannheim.de\/Aktuelles\/?p=19407"},"modified":"2020-01-02T08:59:31","modified_gmt":"2020-01-02T07:59:31","slug":"oeffnungszeiten-um-weihnachten-und-den-jahreswechsel-3","status":"publish","type":"post","link":"https:\/\/blog.bib.uni-mannheim.de\/Aktuelles\/?p=19407","title":{"rendered":"\u00d6ffnungszeiten um Weihnachten und den Jahreswechsel"},"content":{"rendered":"\n<div class=\"wp-block-image\"><figure class=\"alignright is-resized\"><img loading=\"lazy\" decoding=\"async\" src=\"https:\/\/blog.bib.uni-mannheim.de\/Aktuelles\/wp-content\/uploads\/2019\/11\/Lampen_bearb_2019-218x300.jpg\" alt=\"\" class=\"wp-image-19462\" width=\"218\" height=\"300\" srcset=\"https:\/\/blog.bib.uni-mannheim.de\/Aktuelles\/wp-content\/uploads\/2019\/11\/Lampen_bearb_2019-218x300.jpg 218w, https:\/\/blog.bib.uni-mannheim.de\/Aktuelles\/wp-content\/uploads\/2019\/11\/Lampen_bearb_2019.jpg 455w\" sizes=\"auto, (max-width: 218px) 100vw, 218px\" \/><\/figure><\/div>\n\n\n\n<p>Alle Bibliotheksbereiche sind bis zum 22. Dezember 2019 regul\u00e4r ge\u00f6ffnet.  R\u00fcckgaben  im Ausleihzentrum sind bis 21. Dezember um 13 Uhr m\u00f6glich. <\/p>\n\n\n\n<p><strong>Von 23. Dezember 2019 bis 1. Januar 2020 sind alle Bibliotheksbereiche geschlossen. Der erste \u00d6ffnungstag im neuen Jahr ist der 2. Januar.<\/strong><\/p>\n\n\n\n<p>F\u00fcr die Schlie\u00dfzeit der Bibliothek bieten wir den <strong>Studierenden der Universit\u00e4t Mannheim<\/strong> ausnahmsweise eine <strong>Kurzausleihe aus den Best\u00e4nden der Pr\u00e4senzbibliotheken<\/strong> an. Sie k\u00f6nnen am 20. Dezember in der Zeit zwischen 14 Uhr und 18 Uhr maximal 5 B\u00fccher pro Person entleihen. Die B\u00fccher m\u00fcssen am 2. Januar bis sp\u00e4testens um 12 Uhr im Bibliotheksbereich zur\u00fcckgegeben werden.<\/p>\n\n\n\n<p><strong>Wir w\u00fcnschen Ihnen eine sch\u00f6ne Weihnachtszeit und einen guten Rutsch!<\/strong><\/p>\n","protected":false},"excerpt":{"rendered":"<p>Alle Bibliotheksbereiche sind bis zum 22. Dezember 2019 regul\u00e4r ge\u00f6ffnet. R\u00fcckgaben im Ausleihzentrum sind bis 21. Dezember um 13 Uhr m\u00f6glich. Von 23. Dezember 2019 bis 1. Januar 2020 sind alle Bibliotheksbereiche geschlossen. Der erste \u00d6ffnungstag im neuen Jahr ist &hellip; <a href=\"https:\/\/blog.bib.uni-mannheim.de\/Aktuelles\/?p=19407\">Weiterlesen <span class=\"meta-nav\">&rarr;<\/span><\/a><\/p>\n","protected":false},"author":33,"featured_media":0,"comment_status":"open","ping_status":"open","sticky":false,"template":"","format":"standard","meta":{"footnotes":""},"categories":[1,9,20],"tags":[],"class_list":["post-19407","post","type-post","status-publish","format-standard","hentry","category-allgemein","category-aus-den-bereichen","category-oeffnungszeiten"],"views":6400,"_links":{"self":[{"href":"https:\/\/blog.bib.uni-mannheim.de\/Aktuelles\/index.php?rest_route=\/wp\/v2\/posts\/19407","targetHints":{"allow":["GET"]}}],"collection":[{"href":"https:\/\/blog.bib.uni-mannheim.de\/Aktuelles\/index.php?rest_route=\/wp\/v2\/posts"}],"about":[{"href":"https:\/\/blog.bib.uni-mannheim.de\/Aktuelles\/index.php?rest_route=\/wp\/v2\/types\/post"}],"author":[{"embeddable":true,"href":"https:\/\/blog.bib.uni-mannheim.de\/Aktuelles\/index.php?rest_route=\/wp\/v2\/users\/33"}],"replies":[{"embeddable":true,"href":"https:\/\/blog.bib.uni-mannheim.de\/Aktuelles\/index.php?rest_route=%2Fwp%2Fv2%2Fcomments&post=19407"}],"version-history":[{"count":0,"href":"https:\/\/blog.bib.uni-mannheim.de\/Aktuelles\/index.php?rest_route=\/wp\/v2\/posts\/19407\/revisions"}],"wp:attachment":[{"href":"https:\/\/blog.bib.uni-mannheim.de\/Aktuelles\/index.php?rest_route=%2Fwp%2Fv2%2Fmedia&parent=19407"}],"wp:term":[{"taxonomy":"category","embeddable":true,"href":"https:\/\/blog.bib.uni-mannheim.de\/Aktuelles\/index.php?rest_route=%2Fwp%2Fv2%2Fcategories&post=19407"},{"taxonomy":"post_tag","embeddable":true,"href":"https:\/\/blog.bib.uni-mannheim.de\/Aktuelles\/index.php?rest_route=%2Fwp%2Fv2%2Ftags&post=19407"}],"curies":[{"name":"wp","href":"https:\/\/api.w.org\/{rel}","templated":true}]}}