{"id":19517,"date":"2019-12-20T09:17:33","date_gmt":"2019-12-20T08:17:33","guid":{"rendered":"https:\/\/blog.bib.uni-mannheim.de\/Aktuelles\/?p=19517"},"modified":"2020-01-20T08:07:45","modified_gmt":"2020-01-20T07:07:45","slug":"fachreferent-m-w-d-fuer-sozialwissenschaften-gesucht","status":"publish","type":"post","link":"https:\/\/blog.bib.uni-mannheim.de\/Aktuelles\/?p=19517","title":{"rendered":"Fachreferent (m\/w\/d) f\u00fcr Sozialwissenschaften gesucht"},"content":{"rendered":"\n<div class=\"wp-block-image\"><figure class=\"alignleft is-resized\"><img loading=\"lazy\" decoding=\"async\" src=\"https:\/\/blog.bib.uni-mannheim.de\/Aktuelles\/wp-content\/uploads\/2018\/11\/ub_LOGO_d_4cBlog-300x183.jpg\" alt=\"\" class=\"wp-image-17988\" width=\"150\" height=\"92\"\/><\/figure><\/div>\n\n\n\n<p>An der Universit\u00e4tsbibliothek Mannheim ist zum 01.03.2020 eine befristete <strong>Ganztagsstelle als Fachreferent f\u00fcr Sozialwissenschaften (m\/w\/d) zu besetzen <\/strong> <strong>(TV-L E13).<\/strong> <\/p>\n\n\n\n<p>Die Stelle ist im Rahmen von Beurlaubungen zun\u00e4chst bis zum 31.12.2021 befristet und grunds\u00e4tzlich teilbar.<\/p>\n\n\n\n<p><strong>Die Bewerbungsfrist f\u00fcr diese Stelle endet am 17. Januar 2020.<\/strong><\/p>\n\n\n\n<p>Weitere Informationen zur ausgeschriebenen Stelle und zu den Bewerbungsmodalit\u00e4ten entnehmen Sie bitte der <strong><a href=\"https:\/\/www.bib.uni-mannheim.de\/fileadmin\/ub\/pdf\/Stellenangebote\/Stellenausschreibung_Fachreferat_SoWi_E13_akt.pdf\">Stellenanzeige<\/a><\/strong>. <\/p>\n\n\n<p><!--EndFragment--><\/p>","protected":false},"excerpt":{"rendered":"<p>An der Universit\u00e4tsbibliothek Mannheim ist zum 01.03.2020 eine befristete Ganztagsstelle als Fachreferent f\u00fcr Sozialwissenschaften (m\/w\/d) zu besetzen (TV-L E13). Die Stelle ist im Rahmen von Beurlaubungen zun\u00e4chst bis zum 31.12.2021 befristet und grunds\u00e4tzlich teilbar. Die Bewerbungsfrist f\u00fcr diese Stelle endet &hellip; <a href=\"https:\/\/blog.bib.uni-mannheim.de\/Aktuelles\/?p=19517\">Weiterlesen <span class=\"meta-nav\">&rarr;<\/span><\/a><\/p>\n","protected":false},"author":36,"featured_media":0,"comment_status":"open","ping_status":"open","sticky":false,"template":"","format":"standard","meta":{"footnotes":""},"categories":[4,1,11],"tags":[],"class_list":["post-19517","post","type-post","status-publish","format-standard","hentry","category-aktuelles","category-allgemein","category-stellenangebote"],"views":2379,"_links":{"self":[{"href":"https:\/\/blog.bib.uni-mannheim.de\/Aktuelles\/index.php?rest_route=\/wp\/v2\/posts\/19517","targetHints":{"allow":["GET"]}}],"collection":[{"href":"https:\/\/blog.bib.uni-mannheim.de\/Aktuelles\/index.php?rest_route=\/wp\/v2\/posts"}],"about":[{"href":"https:\/\/blog.bib.uni-mannheim.de\/Aktuelles\/index.php?rest_route=\/wp\/v2\/types\/post"}],"author":[{"embeddable":true,"href":"https:\/\/blog.bib.uni-mannheim.de\/Aktuelles\/index.php?rest_route=\/wp\/v2\/users\/36"}],"replies":[{"embeddable":true,"href":"https:\/\/blog.bib.uni-mannheim.de\/Aktuelles\/index.php?rest_route=%2Fwp%2Fv2%2Fcomments&post=19517"}],"version-history":[{"count":0,"href":"https:\/\/blog.bib.uni-mannheim.de\/Aktuelles\/index.php?rest_route=\/wp\/v2\/posts\/19517\/revisions"}],"wp:attachment":[{"href":"https:\/\/blog.bib.uni-mannheim.de\/Aktuelles\/index.php?rest_route=%2Fwp%2Fv2%2Fmedia&parent=19517"}],"wp:term":[{"taxonomy":"category","embeddable":true,"href":"https:\/\/blog.bib.uni-mannheim.de\/Aktuelles\/index.php?rest_route=%2Fwp%2Fv2%2Fcategories&post=19517"},{"taxonomy":"post_tag","embeddable":true,"href":"https:\/\/blog.bib.uni-mannheim.de\/Aktuelles\/index.php?rest_route=%2Fwp%2Fv2%2Ftags&post=19517"}],"curies":[{"name":"wp","href":"https:\/\/api.w.org\/{rel}","templated":true}]}}