{"id":19611,"date":"2020-01-28T13:54:44","date_gmt":"2020-01-28T12:54:44","guid":{"rendered":"https:\/\/blog.bib.uni-mannheim.de\/Aktuelles\/?p=19611"},"modified":"2020-05-20T09:03:34","modified_gmt":"2020-05-20T07:03:34","slug":"charlie-hebdo-cinq-ans-deja-plakatausstellung-im-bb-a3","status":"publish","type":"post","link":"https:\/\/blog.bib.uni-mannheim.de\/Aktuelles\/?p=19611","title":{"rendered":"Charlie Hebdo cinq ans d\u00e9j\u00e0 &#8211; Plakatausstellung im BB A3"},"content":{"rendered":"\n<div class=\"wp-block-image\"><figure class=\"alignright is-resized\"><img loading=\"lazy\" decoding=\"async\" src=\"https:\/\/blog.bib.uni-mannheim.de\/Aktuelles\/wp-content\/uploads\/2020\/01\/Plakat-UB-Web-212x300.jpg\" alt=\"\" class=\"wp-image-19615\" width=\"212\" height=\"300\" srcset=\"https:\/\/blog.bib.uni-mannheim.de\/Aktuelles\/wp-content\/uploads\/2020\/01\/Plakat-UB-Web-212x300.jpg 212w, https:\/\/blog.bib.uni-mannheim.de\/Aktuelles\/wp-content\/uploads\/2020\/01\/Plakat-UB-Web-768x1088.jpg 768w, https:\/\/blog.bib.uni-mannheim.de\/Aktuelles\/wp-content\/uploads\/2020\/01\/Plakat-UB-Web-723x1024.jpg 723w, https:\/\/blog.bib.uni-mannheim.de\/Aktuelles\/wp-content\/uploads\/2020\/01\/Plakat-UB-Web.jpg 1680w\" sizes=\"auto, (max-width: 212px) 100vw, 212px\" \/><\/figure><\/div>\n\n\n\n<p>Dem Anschlag auf die Redaktion der franz\u00f6sischen Satirezeitung <em>Charlie Hebdo<\/em> vor f\u00fcnf Jahren folgten in zahlreichen St\u00e4dten weltweit Demonstrationen, die f\u00fcr den Schutz der Meinungsfreiheit eintraten.  <\/p>\n\n\n\n<p>Die konflikttr\u00e4chtige Rolle der Karikatur ist das Thema dieser Ausstellung. Der Kurator, Guillaume Doizy, analysiert die sozialen und politischen  Herausforderungen der Karikatur in unserer heutigen Gesellschaft, indem  er die Geschichte der satirischen Zeichnungen seit ihren Anf\u00e4ngen  beleuchtet.<\/p>\n\n\n\n<p><a href=\"https:\/\/www.bib.uni-mannheim.de\/ausstellungen\/charlie-hebdo-cinq-ans-deja\/\">Zur Ausstellung<\/a><\/p>\n\n\n\n<p><strong>Bibliotheksbereich A3 (A3,6-8), 2. OG<\/strong>, zug\u00e4nglich w\u00e4hrend der <a href=\"https:\/\/www.bib.uni-mannheim.de\/bb-a3\/\">\u00d6ffnungszeiten<\/a> der Bibliothek<br \/><strong>1. Februar &#8211; 31. M\u00e4rz 2020<\/strong> <\/p>\n","protected":false},"excerpt":{"rendered":"<p>Dem Anschlag auf die Redaktion der franz\u00f6sischen Satirezeitung Charlie Hebdo vor f\u00fcnf Jahren folgten in zahlreichen St\u00e4dten weltweit Demonstrationen, die f\u00fcr den Schutz der Meinungsfreiheit eintraten. Die konflikttr\u00e4chtige Rolle der Karikatur ist das Thema dieser Ausstellung. Der Kurator, Guillaume Doizy, &hellip; <a href=\"https:\/\/blog.bib.uni-mannheim.de\/Aktuelles\/?p=19611\">Weiterlesen <span class=\"meta-nav\">&rarr;<\/span><\/a><\/p>\n","protected":false},"author":33,"featured_media":0,"comment_status":"open","ping_status":"open","sticky":false,"template":"","format":"standard","meta":{"footnotes":""},"categories":[4,1,9,8],"tags":[],"class_list":["post-19611","post","type-post","status-publish","format-standard","hentry","category-aktuelles","category-allgemein","category-aus-den-bereichen","category-veranstaltungen"],"views":1856,"_links":{"self":[{"href":"https:\/\/blog.bib.uni-mannheim.de\/Aktuelles\/index.php?rest_route=\/wp\/v2\/posts\/19611","targetHints":{"allow":["GET"]}}],"collection":[{"href":"https:\/\/blog.bib.uni-mannheim.de\/Aktuelles\/index.php?rest_route=\/wp\/v2\/posts"}],"about":[{"href":"https:\/\/blog.bib.uni-mannheim.de\/Aktuelles\/index.php?rest_route=\/wp\/v2\/types\/post"}],"author":[{"embeddable":true,"href":"https:\/\/blog.bib.uni-mannheim.de\/Aktuelles\/index.php?rest_route=\/wp\/v2\/users\/33"}],"replies":[{"embeddable":true,"href":"https:\/\/blog.bib.uni-mannheim.de\/Aktuelles\/index.php?rest_route=%2Fwp%2Fv2%2Fcomments&post=19611"}],"version-history":[{"count":0,"href":"https:\/\/blog.bib.uni-mannheim.de\/Aktuelles\/index.php?rest_route=\/wp\/v2\/posts\/19611\/revisions"}],"wp:attachment":[{"href":"https:\/\/blog.bib.uni-mannheim.de\/Aktuelles\/index.php?rest_route=%2Fwp%2Fv2%2Fmedia&parent=19611"}],"wp:term":[{"taxonomy":"category","embeddable":true,"href":"https:\/\/blog.bib.uni-mannheim.de\/Aktuelles\/index.php?rest_route=%2Fwp%2Fv2%2Fcategories&post=19611"},{"taxonomy":"post_tag","embeddable":true,"href":"https:\/\/blog.bib.uni-mannheim.de\/Aktuelles\/index.php?rest_route=%2Fwp%2Fv2%2Ftags&post=19611"}],"curies":[{"name":"wp","href":"https:\/\/api.w.org\/{rel}","templated":true}]}}