{"id":19827,"date":"2020-03-15T09:31:00","date_gmt":"2020-03-15T08:31:00","guid":{"rendered":"https:\/\/blog.bib.uni-mannheim.de\/Aktuelles\/?p=19827"},"modified":"2020-05-20T09:01:47","modified_gmt":"2020-05-20T07:01:47","slug":"universitaetsbibliothek-ab-sonntag-15-maerz-2020-geschlossen-am-16-und-17-maerz-sind-im-ausleihzentrum-und-in-den-praesenzbibliotheksbereichen-noch-ausleihen-moeglich","status":"publish","type":"post","link":"https:\/\/blog.bib.uni-mannheim.de\/Aktuelles\/?p=19827","title":{"rendered":"Universit\u00e4tsbibliothek ab Sonntag, 15. M\u00e4rz 2020, geschlossen: Am 16. und 17. M\u00e4rz sind noch Ausleihen m\u00f6glich"},"content":{"rendered":"\n<p><strong>Im Kontext der allgemeinen Pr\u00e4ventivma\u00dfnahmen und in Absprache mit der&nbsp; Universit\u00e4tsleitung bleibt die Universit\u00e4tsbibliothek geschlossen. <\/strong><\/p>\n\n\n\n<p>Um Ihnen dringend ben\u00f6tigte B\u00fccher zur Verf\u00fcgung zu stellen, <strong>bieten wir die M\u00f6glichkeit, <\/strong> <strong>am Montag und Dienstag, 16. und 17. M\u00e4rz von 8 bis 18 Uhr noch B\u00fccher auszuleihen.<\/strong>  B\u00fccher aus dem Magazin k\u00f6nnen Sie bis Montagabend \u00fcber unseren Online-Katalog Primo vorbestellen. <strong>Studierenden der Universit\u00e4t Mannheim bieten wir zus\u00e4tzlich eine Sonderausleihe aus den Pr\u00e4senzbibliotheken an.<\/strong> <strong>Die Buchr\u00fcckgabe ist ebenso bis Dienstag, 17. M\u00e4rz um 18 Uhr m\u00f6glich.<\/strong><\/p>\n\n\n\n<p><strong>Das\nAusleihzentrum und die Bibliotheksbereiche A3, A5, Schloss Ehrenhof und BWL\nwerden am Montag, 16. M\u00e4rz und am Dienstag, 17. M\u00e4rz von 8.00 Uhr bis 18.00 Uhr\nausschlie\u00dflich f\u00fcr die Ausleihe und f\u00fcr das Leeren interner Schlie\u00dff\u00e4cher\nge\u00f6ffnet. Ein regul\u00e4rer Benutzungsbetrieb findet nicht statt. <\/strong><\/p>\n\n\n\n<p>W\u00e4hrend der Schlie\u00dfzeit werden alle Mahngeb\u00fchren ausgesetzt. Bitte senden\nSie keine Medien per Post an uns zur\u00fcck. Bestehende Vormerkungen auf entliehene\nMedien bleiben erhalten.&nbsp; Unser\nFernleihservice wird w\u00e4hrend der Schlie\u00dfzeit ausgesetzt.&nbsp;&nbsp; <\/p>\n\n\n\n<p><strong>Unsere digitalen Medien stehen Ihnen wie gewohnt zur Verf\u00fcgung. Elektronische Publikationen und die meisten der von uns lizenzierten Datenbanken sind f\u00fcr Sie ortsunabh\u00e4ngig zug\u00e4nglich.<\/strong> &nbsp;Wir pr\u00fcfen zudem die kurzfristige Aufstockung unseres elektronischen Angebots.&nbsp; <\/p>\n\n\n\n<p>Bei R\u00fcckfragen erreichen Sie uns unter <a href=\"mailto:info@bib.uni-mannheim.de\">info@bib.uni-mannheim.de<\/a>. Weitere\nInformationen folgen an dieser Stelle.<\/p>\n\n\n\n<p>Bitte haben Sie Verst\u00e4ndnis!&nbsp;&nbsp;&nbsp; &nbsp;<\/p>\n","protected":false},"excerpt":{"rendered":"<p>Im Kontext der allgemeinen Pr\u00e4ventivma\u00dfnahmen und in Absprache mit der&nbsp; Universit\u00e4tsleitung bleibt die Universit\u00e4tsbibliothek geschlossen. Um Ihnen dringend ben\u00f6tigte B\u00fccher zur Verf\u00fcgung zu stellen, bieten wir die M\u00f6glichkeit, am Montag und Dienstag, 16. und 17. M\u00e4rz von 8 bis 18 &hellip; <a href=\"https:\/\/blog.bib.uni-mannheim.de\/Aktuelles\/?p=19827\">Weiterlesen <span class=\"meta-nav\">&rarr;<\/span><\/a><\/p>\n","protected":false},"author":27,"featured_media":0,"comment_status":"open","ping_status":"open","sticky":false,"template":"","format":"standard","meta":{"footnotes":""},"categories":[4,1,9,20,3,2],"tags":[],"class_list":["post-19827","post","type-post","status-publish","format-standard","hentry","category-aktuelles","category-allgemein","category-aus-den-bereichen","category-oeffnungszeiten","category-elektronischeangebote","category-services"],"views":10966,"_links":{"self":[{"href":"https:\/\/blog.bib.uni-mannheim.de\/Aktuelles\/index.php?rest_route=\/wp\/v2\/posts\/19827","targetHints":{"allow":["GET"]}}],"collection":[{"href":"https:\/\/blog.bib.uni-mannheim.de\/Aktuelles\/index.php?rest_route=\/wp\/v2\/posts"}],"about":[{"href":"https:\/\/blog.bib.uni-mannheim.de\/Aktuelles\/index.php?rest_route=\/wp\/v2\/types\/post"}],"author":[{"embeddable":true,"href":"https:\/\/blog.bib.uni-mannheim.de\/Aktuelles\/index.php?rest_route=\/wp\/v2\/users\/27"}],"replies":[{"embeddable":true,"href":"https:\/\/blog.bib.uni-mannheim.de\/Aktuelles\/index.php?rest_route=%2Fwp%2Fv2%2Fcomments&post=19827"}],"version-history":[{"count":0,"href":"https:\/\/blog.bib.uni-mannheim.de\/Aktuelles\/index.php?rest_route=\/wp\/v2\/posts\/19827\/revisions"}],"wp:attachment":[{"href":"https:\/\/blog.bib.uni-mannheim.de\/Aktuelles\/index.php?rest_route=%2Fwp%2Fv2%2Fmedia&parent=19827"}],"wp:term":[{"taxonomy":"category","embeddable":true,"href":"https:\/\/blog.bib.uni-mannheim.de\/Aktuelles\/index.php?rest_route=%2Fwp%2Fv2%2Fcategories&post=19827"},{"taxonomy":"post_tag","embeddable":true,"href":"https:\/\/blog.bib.uni-mannheim.de\/Aktuelles\/index.php?rest_route=%2Fwp%2Fv2%2Ftags&post=19827"}],"curies":[{"name":"wp","href":"https:\/\/api.w.org\/{rel}","templated":true}]}}