{"id":20483,"date":"2020-08-27T11:48:09","date_gmt":"2020-08-27T09:48:09","guid":{"rendered":"https:\/\/blog.bib.uni-mannheim.de\/Aktuelles\/?p=20483"},"modified":"2021-01-26T09:10:50","modified_gmt":"2021-01-26T08:10:50","slug":"alle-bibliotheksbereiche-ausleihzentrum-und-infocenter-ab-31-august-2020-eingeschraenkt-geoeffnet","status":"publish","type":"post","link":"https:\/\/blog.bib.uni-mannheim.de\/Aktuelles\/?p=20483","title":{"rendered":"Alle Bibliotheksbereiche, Ausleihzentrum und InfoCenter ab 31. August 2020 eingeschr\u00e4nkt ge\u00f6ffnet"},"content":{"rendered":"\n<div class=\"wp-block-image\"><figure class=\"alignleft size-medium is-resized\"><img loading=\"lazy\" decoding=\"async\" src=\"https:\/\/blog.bib.uni-mannheim.de\/Aktuelles\/wp-content\/uploads\/2020\/08\/Collage_schief_UB_Kurz_Info_3-300x157.jpg\" alt=\"\" class=\"wp-image-20492\" width=\"300\" height=\"157\" srcset=\"https:\/\/blog.bib.uni-mannheim.de\/Aktuelles\/wp-content\/uploads\/2020\/08\/Collage_schief_UB_Kurz_Info_3-300x157.jpg 300w, https:\/\/blog.bib.uni-mannheim.de\/Aktuelles\/wp-content\/uploads\/2020\/08\/Collage_schief_UB_Kurz_Info_3-1024x535.jpg 1024w, https:\/\/blog.bib.uni-mannheim.de\/Aktuelles\/wp-content\/uploads\/2020\/08\/Collage_schief_UB_Kurz_Info_3-768x401.jpg 768w, https:\/\/blog.bib.uni-mannheim.de\/Aktuelles\/wp-content\/uploads\/2020\/08\/Collage_schief_UB_Kurz_Info_3-1536x803.jpg 1536w, https:\/\/blog.bib.uni-mannheim.de\/Aktuelles\/wp-content\/uploads\/2020\/08\/Collage_schief_UB_Kurz_Info_3-2048x1070.jpg 2048w\" sizes=\"auto, (max-width: 300px) 100vw, 300px\" \/><\/figure><\/div>\n\n\n\n<p><strong>Ab Montag, 31. August 2020, \u00f6ffnen alle Bibliotheksbereiche, auch A5 und Schloss Schneckenhof (BWL) montags bis freitags von 10 bis 20 Uhr, au\u00dfer an Feiertagen. Das Ausleihzentrum erweitert ab diesem Zeitpunkt noch einmal die \u00d6ffnungszeiten auf montags bis freitags von 10 bis 18 Uhr, au\u00dfer an Feiertagen.<\/strong> Alle Informationen, auch zur <a href=\"https:\/\/www.bib.uni-mannheim.de\/sitzplatzbuchung\/\"><strong>Sitzplatzbuchung<\/strong><\/a> und den Regeln zur Benutzung in allen Bereichen finden Sie auf unserer <strong><a href=\"https:\/\/www.bib.uni-mannheim.de\/coronavirus\/\">Website<\/a><\/strong>.<\/p>\n\n\n\n<p><strong>Gleichzeitig wird am 31. August das InfoCenter montags bis freitags, au\u00dfer an Feiertagen, von 10 bis 14 Uhr ge\u00f6ffnet.<\/strong> F\u00fcr Ihren Besuch k\u00f6nnen Sie sich <a href=\"https:\/\/www.bib.uni-mannheim.de\/infocenter-service\/\"><strong>anmelden<\/strong><\/a> oder auch spontan vorbeikommen. Planen Sie bitte eine Wartezeit ein.<\/p>\n\n\n\n<p>Bitte informieren Sie sich vor Ihrem Besuch \u00fcber die geltenden <a href=\"https:\/\/www.bib.uni-mannheim.de\/fileadmin\/ub\/sonstiges\/Hygieneregeln_Bibliotheksbereiche.pdf\"><strong>Hygieneregeln<\/strong>.<\/a><\/p>\n\n\n\n<p>Ab Vorlesungsbeginn am 28. September 2020 ist die \u00d6ffnung auch an den Wochenenden geplant.<\/p>\n","protected":false},"excerpt":{"rendered":"<p>Ab Montag, 31. August 2020, \u00f6ffnen alle Bibliotheksbereiche, auch A5 und Schloss Schneckenhof (BWL) montags bis freitags von 10 bis 20 Uhr, au\u00dfer an Feiertagen. Das Ausleihzentrum erweitert ab diesem Zeitpunkt noch einmal die \u00d6ffnungszeiten auf montags bis freitags von &hellip; <a href=\"https:\/\/blog.bib.uni-mannheim.de\/Aktuelles\/?p=20483\">Weiterlesen <span class=\"meta-nav\">&rarr;<\/span><\/a><\/p>\n","protected":false},"author":33,"featured_media":0,"comment_status":"open","ping_status":"open","sticky":false,"template":"","format":"standard","meta":{"footnotes":""},"categories":[4,1,9,20,2],"tags":[],"class_list":["post-20483","post","type-post","status-publish","format-standard","hentry","category-aktuelles","category-allgemein","category-aus-den-bereichen","category-oeffnungszeiten","category-services"],"views":9488,"_links":{"self":[{"href":"https:\/\/blog.bib.uni-mannheim.de\/Aktuelles\/index.php?rest_route=\/wp\/v2\/posts\/20483","targetHints":{"allow":["GET"]}}],"collection":[{"href":"https:\/\/blog.bib.uni-mannheim.de\/Aktuelles\/index.php?rest_route=\/wp\/v2\/posts"}],"about":[{"href":"https:\/\/blog.bib.uni-mannheim.de\/Aktuelles\/index.php?rest_route=\/wp\/v2\/types\/post"}],"author":[{"embeddable":true,"href":"https:\/\/blog.bib.uni-mannheim.de\/Aktuelles\/index.php?rest_route=\/wp\/v2\/users\/33"}],"replies":[{"embeddable":true,"href":"https:\/\/blog.bib.uni-mannheim.de\/Aktuelles\/index.php?rest_route=%2Fwp%2Fv2%2Fcomments&post=20483"}],"version-history":[{"count":0,"href":"https:\/\/blog.bib.uni-mannheim.de\/Aktuelles\/index.php?rest_route=\/wp\/v2\/posts\/20483\/revisions"}],"wp:attachment":[{"href":"https:\/\/blog.bib.uni-mannheim.de\/Aktuelles\/index.php?rest_route=%2Fwp%2Fv2%2Fmedia&parent=20483"}],"wp:term":[{"taxonomy":"category","embeddable":true,"href":"https:\/\/blog.bib.uni-mannheim.de\/Aktuelles\/index.php?rest_route=%2Fwp%2Fv2%2Fcategories&post=20483"},{"taxonomy":"post_tag","embeddable":true,"href":"https:\/\/blog.bib.uni-mannheim.de\/Aktuelles\/index.php?rest_route=%2Fwp%2Fv2%2Ftags&post=20483"}],"curies":[{"name":"wp","href":"https:\/\/api.w.org\/{rel}","templated":true}]}}