{"id":21083,"date":"2020-12-15T15:29:56","date_gmt":"2020-12-15T14:29:56","guid":{"rendered":"https:\/\/blog.bib.uni-mannheim.de\/Aktuelles\/?p=21083"},"modified":"2020-12-16T11:08:50","modified_gmt":"2020-12-16T10:08:50","slug":"ab-sofort-bis-heute-19-30-uhr-kurzausleihe-in-den-bibliotheksbereichen-moeglichausleihzentrum-bis-19-30-uhr-offen-eventuell-schliessung-der-ub-ab-morgen-16-12-20-from-now-u","status":"publish","type":"post","link":"https:\/\/blog.bib.uni-mannheim.de\/Aktuelles\/?p=21083","title":{"rendered":"Eventuell Schlie\u00dfung ab 16.12.20"},"content":{"rendered":"\n<div class=\"wp-block-image\"><figure class=\"alignleft size-medium is-resized\"><a href=\"https:\/\/blog.bib.uni-mannheim.de\/Aktuelles\/wp-content\/uploads\/2020\/12\/Blogbeitrag_Achtung.jpg\"><img loading=\"lazy\" decoding=\"async\" src=\"https:\/\/blog.bib.uni-mannheim.de\/Aktuelles\/wp-content\/uploads\/2020\/12\/Blogbeitrag_Achtung-300x200.jpg\" alt=\"\" class=\"wp-image-21097\" width=\"237\" height=\"158\" srcset=\"https:\/\/blog.bib.uni-mannheim.de\/Aktuelles\/wp-content\/uploads\/2020\/12\/Blogbeitrag_Achtung-300x200.jpg 300w, https:\/\/blog.bib.uni-mannheim.de\/Aktuelles\/wp-content\/uploads\/2020\/12\/Blogbeitrag_Achtung-1024x683.jpg 1024w, https:\/\/blog.bib.uni-mannheim.de\/Aktuelles\/wp-content\/uploads\/2020\/12\/Blogbeitrag_Achtung-768x512.jpg 768w, https:\/\/blog.bib.uni-mannheim.de\/Aktuelles\/wp-content\/uploads\/2020\/12\/Blogbeitrag_Achtung.jpg 1200w\" sizes=\"auto, (max-width: 237px) 100vw, 237px\" \/><\/a><\/figure><\/div>\n\n\n\n<p>Wir haben soeben erfahren, dass wir m\u00f6glicherweise aufgrund der kommenden Corona-Verordnung nun doch ab morgen, 16.12.2020,  die Bibliothek komplett schlie\u00dfen m\u00fcssen, vielleicht sogar, ohne einen Ausleihbetrieb anbieten zu k\u00f6nnen.<\/p>\n\n\n\n<p>Wir wissen noch nicht, ob es tats\u00e4chlich dazu kommt. <\/p>\n\n\n\n<p>Um Sie noch vor einer m\u00f6glichen Schlie\u00dfung mit gedruckter Literatur zu versorgen, bieten wir f\u00fcr Studierende der Universit\u00e4t Mannheim heute, und zwar ab sofort, eine Ausleihe aus den Best\u00e4nden der Pr\u00e4senzbibliotheken an. <\/p>\n\n\n\n<p><strong>Sie k\u00f6nnen aus den Bibliotheksbereichen A3, A5, Schloss Ehrenhof und BWL heute bis zur Schlie\u00dfung um 19.30 Uhr jeweils bis zu f\u00fcnf Medien bis zum 12. Januar 2021 entleihen. <\/strong><\/p>\n\n\n\n<p><strong>Das Ausleihzentrum im Westfl\u00fcgel bleibt heute ebenfalls bis 19.30 Uhr f\u00fcr den Ausleihbetrieb ge\u00f6ffnet<\/strong>. <\/p>\n\n\n\n<p>Einen Scandienst bieten wir Ihnen w\u00e4hrend einer m\u00f6glichen Schlie\u00dfung weiterhin an. Er pausiert vom 23.12.20 bis zum 03.01.21.  <\/p>\n\n\n\n<p>Wir informieren Sie an dieser Stelle weiter, sobald wir \u00fcber genauere Informationen verf\u00fcgen. <\/p>\n\n\n\n<br \/>\n\n\n\n<h3 class=\"wp-block-heading\"><span class=\"has-inline-color has-medium-gray-color\">Possible Closing of the Library<\/span><\/h3>\n\n\n\n<p class=\"has-text-color\" style=\"color:#989b98\">We have just learned that due to the upcoming Corona regulation, we may have to close the library completely from tomorrow, 16.12.2020, perhaps even without being able to offer a lending service. <\/p>\n\n\n\n<p class=\"has-text-color\" style=\"color:#a3a09e\">We do not yet know whether this will actually happen.<\/p>\n\n\n\n<p class=\"has-text-color\" style=\"color:#a3a09e\">In order to provide you with printed literature before a possible closure, we offer students of the University of Mannheim today, and as of now, a loan from the stocks of the reference libraries.<\/p>\n\n\n\n<p class=\"has-text-color\" style=\"color:#a3a09e\"><strong>You can borrow up to five media in the libraries sections A3, A5, Schloss Ehrenhof and Schloss Schneckenhof  today until closing time at 7.30pm until 12 January 2021.<\/strong><\/p>\n\n\n\n<p class=\"has-text-color\" style=\"color:#a3a09e\"><strong>The Central Lending Library will also remain open for lending until 7.30 pm today.<\/strong><\/p>\n\n\n\n<p class=\"has-text-color\" style=\"color:#aeb3b5\">In case we have to close the library we will still offer our scan service for you. However this service will not be available from 23 December until 3 Januar 2021. <\/p>\n\n\n\n<p class=\"has-text-color\" style=\"color:#acb1b4\">We will keep you informed here as soon as we have more detailed information.<\/p>\n\n\n\n<p><\/p>\n\n\n\n<p>     <\/p>\n","protected":false},"excerpt":{"rendered":"<p>Wir haben soeben erfahren, dass wir m\u00f6glicherweise aufgrund der kommenden Corona-Verordnung nun doch ab morgen, 16.12.2020, die Bibliothek komplett schlie\u00dfen m\u00fcssen, vielleicht sogar, ohne einen Ausleihbetrieb anbieten zu k\u00f6nnen. Wir wissen noch nicht, ob es tats\u00e4chlich dazu kommt. Um Sie &hellip; <a href=\"https:\/\/blog.bib.uni-mannheim.de\/Aktuelles\/?p=21083\">Weiterlesen <span class=\"meta-nav\">&rarr;<\/span><\/a><\/p>\n","protected":false},"author":27,"featured_media":0,"comment_status":"open","ping_status":"open","sticky":false,"template":"","format":"standard","meta":{"footnotes":""},"categories":[1],"tags":[],"class_list":["post-21083","post","type-post","status-publish","format-standard","hentry","category-allgemein"],"views":4683,"_links":{"self":[{"href":"https:\/\/blog.bib.uni-mannheim.de\/Aktuelles\/index.php?rest_route=\/wp\/v2\/posts\/21083","targetHints":{"allow":["GET"]}}],"collection":[{"href":"https:\/\/blog.bib.uni-mannheim.de\/Aktuelles\/index.php?rest_route=\/wp\/v2\/posts"}],"about":[{"href":"https:\/\/blog.bib.uni-mannheim.de\/Aktuelles\/index.php?rest_route=\/wp\/v2\/types\/post"}],"author":[{"embeddable":true,"href":"https:\/\/blog.bib.uni-mannheim.de\/Aktuelles\/index.php?rest_route=\/wp\/v2\/users\/27"}],"replies":[{"embeddable":true,"href":"https:\/\/blog.bib.uni-mannheim.de\/Aktuelles\/index.php?rest_route=%2Fwp%2Fv2%2Fcomments&post=21083"}],"version-history":[{"count":0,"href":"https:\/\/blog.bib.uni-mannheim.de\/Aktuelles\/index.php?rest_route=\/wp\/v2\/posts\/21083\/revisions"}],"wp:attachment":[{"href":"https:\/\/blog.bib.uni-mannheim.de\/Aktuelles\/index.php?rest_route=%2Fwp%2Fv2%2Fmedia&parent=21083"}],"wp:term":[{"taxonomy":"category","embeddable":true,"href":"https:\/\/blog.bib.uni-mannheim.de\/Aktuelles\/index.php?rest_route=%2Fwp%2Fv2%2Fcategories&post=21083"},{"taxonomy":"post_tag","embeddable":true,"href":"https:\/\/blog.bib.uni-mannheim.de\/Aktuelles\/index.php?rest_route=%2Fwp%2Fv2%2Ftags&post=21083"}],"curies":[{"name":"wp","href":"https:\/\/api.w.org\/{rel}","templated":true}]}}