{"id":21251,"date":"2021-01-11T15:20:00","date_gmt":"2021-01-11T14:20:00","guid":{"rendered":"https:\/\/blog.bib.uni-mannheim.de\/Aktuelles\/?p=21251"},"modified":"2021-04-15T08:34:14","modified_gmt":"2021-04-15T06:34:14","slug":"medien-bestellen-und-im-ausleihzentrum-abholen","status":"publish","type":"post","link":"https:\/\/blog.bib.uni-mannheim.de\/Aktuelles\/?p=21251","title":{"rendered":"Medien bestellen und im Ausleihzentrum abholen"},"content":{"rendered":"\n<div class=\"wp-block-image\"><figure class=\"alignleft size-medium\"><a href=\"https:\/\/blog.bib.uni-mannheim.de\/Aktuelles\/wp-content\/uploads\/2020\/12\/Blogbeitrag_info.jpg\"><img loading=\"lazy\" decoding=\"async\" width=\"300\" height=\"200\" src=\"https:\/\/blog.bib.uni-mannheim.de\/Aktuelles\/wp-content\/uploads\/2020\/12\/Blogbeitrag_info-300x200.jpg\" alt=\"\" class=\"wp-image-21156\" srcset=\"https:\/\/blog.bib.uni-mannheim.de\/Aktuelles\/wp-content\/uploads\/2020\/12\/Blogbeitrag_info-300x200.jpg 300w, https:\/\/blog.bib.uni-mannheim.de\/Aktuelles\/wp-content\/uploads\/2020\/12\/Blogbeitrag_info-1024x683.jpg 1024w, https:\/\/blog.bib.uni-mannheim.de\/Aktuelles\/wp-content\/uploads\/2020\/12\/Blogbeitrag_info-768x512.jpg 768w, https:\/\/blog.bib.uni-mannheim.de\/Aktuelles\/wp-content\/uploads\/2020\/12\/Blogbeitrag_info.jpg 1200w\" sizes=\"auto, (max-width: 300px) 100vw, 300px\" \/><\/a><\/figure><\/div>\n\n\n\n<p>Ab sofort k\u00f6nnen Sie ausleihbare Medien \u00fcber den Katalog Primo bestellen und ab Mittwoch, 13. Januar 2021, im Ausleihzentrum abholen. <\/p>\n\n\n\n<p>Wir benachrichtigen Sie per E-Mail, wann Sie Ihre bestellten Medien abholen k\u00f6nnen.<\/p>\n\n\n\n<p>Auch B\u00fccher aus dem Ausleihzentrum m\u00fcssen \u00fcber den Katalog vorbestellt werden. Die Regalbereiche im Ausleihzentrum sind nicht zug\u00e4nglich. <\/p>\n\n\n\n<p><strong>Update 25.01.2021: Im Ausleihzentrum besteht ab sofort eine Pflicht zum Tragen medizinischer Masken (FFP2- oder OP-Masken).<\/strong><\/p>\n\n\n\n<p>Die Leihfrist f\u00fcr ausgeliehene Medien wurde bis 02. Februar 2021 verl\u00e4ngert. Sie k\u00f6nnen entliehene Medien \u2013 auch die aus den Bibliotheksbereichen \u2013  im Ausleihzentrum montags bis freitags zwischen 10 und 18 Uhr zur\u00fcckgeben.<\/p>\n\n\n\n<p>Drucken, Kopieren, Scannen, die Nutzung der PCs vor Ort und Services an der Theke sind derzeit nicht m\u00f6glich.<\/p>\n\n\n\n<p>Alle Informationen zum Bestellen und Abholen finden Sie auf unserer <a href=\"https:\/\/www.bib.uni-mannheim.de\/coronavirus\/\"><strong>Website<\/strong><\/a>.<\/p>\n","protected":false},"excerpt":{"rendered":"<p>Ab sofort k\u00f6nnen Sie ausleihbare Medien \u00fcber den Katalog Primo bestellen und ab Mittwoch, 13. Januar 2021, im Ausleihzentrum abholen. Wir benachrichtigen Sie per E-Mail, wann Sie Ihre bestellten Medien abholen k\u00f6nnen. Auch B\u00fccher aus dem Ausleihzentrum m\u00fcssen \u00fcber den &hellip; <a href=\"https:\/\/blog.bib.uni-mannheim.de\/Aktuelles\/?p=21251\">Weiterlesen <span class=\"meta-nav\">&rarr;<\/span><\/a><\/p>\n","protected":false},"author":38,"featured_media":0,"comment_status":"open","ping_status":"open","sticky":false,"template":"","format":"standard","meta":{"footnotes":""},"categories":[4,1,20,2],"tags":[],"class_list":["post-21251","post","type-post","status-publish","format-standard","hentry","category-aktuelles","category-allgemein","category-oeffnungszeiten","category-services"],"views":3592,"_links":{"self":[{"href":"https:\/\/blog.bib.uni-mannheim.de\/Aktuelles\/index.php?rest_route=\/wp\/v2\/posts\/21251","targetHints":{"allow":["GET"]}}],"collection":[{"href":"https:\/\/blog.bib.uni-mannheim.de\/Aktuelles\/index.php?rest_route=\/wp\/v2\/posts"}],"about":[{"href":"https:\/\/blog.bib.uni-mannheim.de\/Aktuelles\/index.php?rest_route=\/wp\/v2\/types\/post"}],"author":[{"embeddable":true,"href":"https:\/\/blog.bib.uni-mannheim.de\/Aktuelles\/index.php?rest_route=\/wp\/v2\/users\/38"}],"replies":[{"embeddable":true,"href":"https:\/\/blog.bib.uni-mannheim.de\/Aktuelles\/index.php?rest_route=%2Fwp%2Fv2%2Fcomments&post=21251"}],"version-history":[{"count":0,"href":"https:\/\/blog.bib.uni-mannheim.de\/Aktuelles\/index.php?rest_route=\/wp\/v2\/posts\/21251\/revisions"}],"wp:attachment":[{"href":"https:\/\/blog.bib.uni-mannheim.de\/Aktuelles\/index.php?rest_route=%2Fwp%2Fv2%2Fmedia&parent=21251"}],"wp:term":[{"taxonomy":"category","embeddable":true,"href":"https:\/\/blog.bib.uni-mannheim.de\/Aktuelles\/index.php?rest_route=%2Fwp%2Fv2%2Fcategories&post=21251"},{"taxonomy":"post_tag","embeddable":true,"href":"https:\/\/blog.bib.uni-mannheim.de\/Aktuelles\/index.php?rest_route=%2Fwp%2Fv2%2Ftags&post=21251"}],"curies":[{"name":"wp","href":"https:\/\/api.w.org\/{rel}","templated":true}]}}