{"id":21327,"date":"2021-01-21T12:44:14","date_gmt":"2021-01-21T11:44:14","guid":{"rendered":"https:\/\/blog.bib.uni-mannheim.de\/Aktuelles\/?p=21327"},"modified":"2021-02-11T15:08:40","modified_gmt":"2021-02-11T14:08:40","slug":"bibliotheksbereiche-bleiben-voraussichtlich-bis-14-februar-geschlossen-medien-bestellen-und-abholen-weiter-moeglich","status":"publish","type":"post","link":"https:\/\/blog.bib.uni-mannheim.de\/Aktuelles\/?p=21327","title":{"rendered":"Bibliotheksbereiche bis 14. Februar geschlossen \u2013 Medien bestellen und abholen weiter m\u00f6glich"},"content":{"rendered":"\n<div class=\"wp-block-image\"><figure class=\"alignleft size-medium\"><a href=\"https:\/\/blog.bib.uni-mannheim.de\/Aktuelles\/wp-content\/uploads\/2020\/12\/Blogbeitrag_Achtung.jpg\"><img loading=\"lazy\" decoding=\"async\" width=\"300\" height=\"200\" src=\"https:\/\/blog.bib.uni-mannheim.de\/Aktuelles\/wp-content\/uploads\/2020\/12\/Blogbeitrag_Achtung-300x200.jpg\" alt=\"\" class=\"wp-image-21097\" srcset=\"https:\/\/blog.bib.uni-mannheim.de\/Aktuelles\/wp-content\/uploads\/2020\/12\/Blogbeitrag_Achtung-300x200.jpg 300w, https:\/\/blog.bib.uni-mannheim.de\/Aktuelles\/wp-content\/uploads\/2020\/12\/Blogbeitrag_Achtung-1024x683.jpg 1024w, https:\/\/blog.bib.uni-mannheim.de\/Aktuelles\/wp-content\/uploads\/2020\/12\/Blogbeitrag_Achtung-768x512.jpg 768w, https:\/\/blog.bib.uni-mannheim.de\/Aktuelles\/wp-content\/uploads\/2020\/12\/Blogbeitrag_Achtung.jpg 1200w\" sizes=\"auto, (max-width: 300px) 100vw, 300px\" \/><\/a><\/figure><\/div>\n\n\n\n<p>Die Bibliotheksbereiche der Universit\u00e4tsbibliothek bleiben im Rahmen der Verl\u00e4ngerung der Corona-Ma\u00dfnahmen weiterhin bis voraussichtlich 14. Februar 2021 geschlossen.<\/p>\n\n\n\n<p>Das Ausleihzentrum ist zum Abholen vorbestellter Medien eingeschr\u00e4nkt ge\u00f6ffnet. Lesen Sie hier alle Informationen zum <a rel=\"noreferrer noopener\" href=\"https:\/\/www.bib.uni-mannheim.de\/coronavirus\/coronavirus-informationen-zur-ausleihe\/\" target=\"_blank\"><strong>Bestellen und Abholen<\/strong><\/a>.<\/p>\n\n\n\n<p><strong>Update 25.01.2021: Im Ausleihzentrum besteht ab sofort eine Pflicht zum Tragen medizinischer Masken (FFP2 oder OP-Masken).<\/strong><\/p>\n\n\n\n<p>F\u00fcr ausgeliehene Medien passen wir die Leihfristen erneut an, sodass Ihnen<strong> w\u00e4hrend der Schlie\u00dfzeit keine Mahnungen<\/strong> entstehen. Die g\u00fcltigen Leihfristen f\u00fcr Ihre Ausleihen finden Sie in Ihrem Bibliothekskonto in Primo. Medien aus allen Bibliotheksbereichen k\u00f6nnen Sie im Ausleihzentrum w\u00e4hrend der \u00d6ffnungszeiten zur\u00fcckgeben.<\/p>\n\n\n\n<p>Mitglieder der Universit\u00e4t Mannheim k\u00f6nnen weiterhin die digitalen Medien und den Scanservice nutzen.<\/p>\n","protected":false},"excerpt":{"rendered":"<p>Die Bibliotheksbereiche der Universit\u00e4tsbibliothek bleiben im Rahmen der Verl\u00e4ngerung der Corona-Ma\u00dfnahmen weiterhin bis voraussichtlich 14. Februar 2021 geschlossen. Das Ausleihzentrum ist zum Abholen vorbestellter Medien eingeschr\u00e4nkt ge\u00f6ffnet. Lesen Sie hier alle Informationen zum Bestellen und Abholen. Update 25.01.2021: Im Ausleihzentrum &hellip; <a href=\"https:\/\/blog.bib.uni-mannheim.de\/Aktuelles\/?p=21327\">Weiterlesen <span class=\"meta-nav\">&rarr;<\/span><\/a><\/p>\n","protected":false},"author":33,"featured_media":0,"comment_status":"open","ping_status":"open","sticky":false,"template":"","format":"standard","meta":{"footnotes":""},"categories":[1,9,20,3,2],"tags":[],"class_list":["post-21327","post","type-post","status-publish","format-standard","hentry","category-allgemein","category-aus-den-bereichen","category-oeffnungszeiten","category-elektronischeangebote","category-services"],"views":4188,"_links":{"self":[{"href":"https:\/\/blog.bib.uni-mannheim.de\/Aktuelles\/index.php?rest_route=\/wp\/v2\/posts\/21327","targetHints":{"allow":["GET"]}}],"collection":[{"href":"https:\/\/blog.bib.uni-mannheim.de\/Aktuelles\/index.php?rest_route=\/wp\/v2\/posts"}],"about":[{"href":"https:\/\/blog.bib.uni-mannheim.de\/Aktuelles\/index.php?rest_route=\/wp\/v2\/types\/post"}],"author":[{"embeddable":true,"href":"https:\/\/blog.bib.uni-mannheim.de\/Aktuelles\/index.php?rest_route=\/wp\/v2\/users\/33"}],"replies":[{"embeddable":true,"href":"https:\/\/blog.bib.uni-mannheim.de\/Aktuelles\/index.php?rest_route=%2Fwp%2Fv2%2Fcomments&post=21327"}],"version-history":[{"count":0,"href":"https:\/\/blog.bib.uni-mannheim.de\/Aktuelles\/index.php?rest_route=\/wp\/v2\/posts\/21327\/revisions"}],"wp:attachment":[{"href":"https:\/\/blog.bib.uni-mannheim.de\/Aktuelles\/index.php?rest_route=%2Fwp%2Fv2%2Fmedia&parent=21327"}],"wp:term":[{"taxonomy":"category","embeddable":true,"href":"https:\/\/blog.bib.uni-mannheim.de\/Aktuelles\/index.php?rest_route=%2Fwp%2Fv2%2Fcategories&post=21327"},{"taxonomy":"post_tag","embeddable":true,"href":"https:\/\/blog.bib.uni-mannheim.de\/Aktuelles\/index.php?rest_route=%2Fwp%2Fv2%2Ftags&post=21327"}],"curies":[{"name":"wp","href":"https:\/\/api.w.org\/{rel}","templated":true}]}}