{"id":22527,"date":"2021-06-14T08:03:52","date_gmt":"2021-06-14T06:03:52","guid":{"rendered":"https:\/\/blog.bib.uni-mannheim.de\/Aktuelles\/?p=22527"},"modified":"2021-06-17T14:27:36","modified_gmt":"2021-06-17T12:27:36","slug":"bundesweite-einladung-zum-essaywettbewerb","status":"publish","type":"post","link":"https:\/\/blog.bib.uni-mannheim.de\/Aktuelles\/?p=22527","title":{"rendered":"Bundesweite Einladung zum Essaywettbewerb"},"content":{"rendered":"\n<div class=\"wp-block-image\"><figure class=\"alignleft size-large is-resized\"><a href=\"https:\/\/blog.bib.uni-mannheim.de\/Aktuelles\/wp-content\/uploads\/2019\/04\/DSC_3765_FB.jpg\"><img loading=\"lazy\" decoding=\"async\" src=\"https:\/\/blog.bib.uni-mannheim.de\/Aktuelles\/wp-content\/uploads\/2019\/04\/DSC_3765_FB-1024x535.jpg\" alt=\"\" class=\"wp-image-18531\" width=\"300\" height=\"200\"\/><\/a><\/figure><\/div>\n\n\n\n<p><strong>Die Deutsche Gesellschaft e. V. veranstaltet in diesem Jahr zwei Essaywettbewerbe, an denen Studierende und Doktorandinnen und Doktoranden bundesweit teilnehmen k\u00f6nnen.<\/strong><\/p>\n\n\n\n<p><\/p>\n\n\n\n<p><\/p>\n\n\n\n<p><strong>Die Themen:<\/strong><\/p>\n\n\n\n<p><strong>Der 11. September 2001 \u2013 (k)eine Zeitenwende?<\/strong><\/p>\n\n\n\n<p>Die Terroranschl\u00e4ge vom 11. September 2001 liegen in diesem Jahr 20 Jahre zur\u00fcck, ihre Folgen weltweit und damit auch f\u00fcr Deutschland sind bis heute pr\u00e4sent&nbsp;\u2013 der Kampf gegen Terrorismus, destabilisierte Regionen, Sicherheitsgesetze sowie eine verst\u00e4rkte Politisierung des Islam und ein Zunehmen xenophober Ressentiments.&nbsp;Der 11. September rief nicht nur in den USA, sondern weltweit Fassungslosigkeit hervor. Auch in Deutschland l\u00f6sten die Anschl\u00e4ge Best\u00fcrzung aus, denn sie legten die \u201eVerletzlichkeit\u201c der westlichen Demokratien frei. Der Blick auf die darauffolgenden 20 Jahre gibt Anlass zur Auseinandersetzung dar\u00fcber, ob der&nbsp;11. September f\u00fcr Deutschland&nbsp;gleicherma\u00dfen ein Bezugs- und Ausgangspunkt ist wie im offiziellen Narrativ der USA.<br \/>Mehr Informationen finden Sie auf der <a href=\"https:\/\/www.essaywettbewerb.de\/\" target=\"_blank\" rel=\"noreferrer noopener\">Projektwebseite<\/a>.<br \/>Der Wettbewerb wird gef\u00f6rdert vom Bundesministerium des Innern, f\u00fcr Bau und Heimat.<\/p>\n\n\n\n<p><strong>Wozu brauchen wir Demokratie(geschichte)?<\/strong><\/p>\n\n\n\n<p>Eine \u00fcbergro\u00dfe Mehrheit der Deutschen h\u00e4lt die Demokratie seit Jahrzehnten f\u00fcr die beste Staatsform. Doch unsere Demokratie ist keine Selbstverst\u00e4ndlichkeit: Sie musste erdacht, errungen, erk\u00e4mpft und verteidigt werden. Aber brauchen wir \u00fcberhaupt dieses Wissen um die Geschichte der Demokratie? Welchen Beitrag kann die Demokratiegeschichte zum Verst\u00e4ndnis und zur St\u00e4rkung unserer Demokratie leisten? Zur Diskussion dieser Fragen veranstaltet die Deutsche Gesellschaft e. V. einen Essaywettbewerb, zu dem Student:innen und Doktorand:innen s\u00e4mtlicher Fachrichtungen herzlich eingeladen sind. Die Themen der Essays k\u00f6nnen vielf\u00e4ltig sein und bis in Gegenwart und Zukunft reichen.<br \/>Mehr Informationen finden Sie auf der <a href=\"https:\/\/www.deutsche-demokratiegeschichte.de\/essaywettbewerb\" target=\"_blank\" rel=\"noreferrer noopener\">Projektwebseite<\/a>.<br \/>Der Wettbewerb wird gef\u00f6rdert von der Beauftragten der Bundesregierung f\u00fcr Kultur und Medien.<\/p>\n\n\n\n<p><em>Einsendeschluss ist jeweils der 1. September 2021. Die besten Beitr\u00e4ge werden pr\u00e4miert und ver\u00f6ffentlicht.<\/em><\/p>\n","protected":false},"excerpt":{"rendered":"<p>Die Deutsche Gesellschaft e. V. veranstaltet in diesem Jahr zwei Essaywettbewerbe, an denen Studierende und Doktorandinnen und Doktoranden bundesweit teilnehmen k\u00f6nnen. Die Themen: Der 11. September 2001 \u2013 (k)eine Zeitenwende? Die Terroranschl\u00e4ge vom 11. September 2001 liegen in diesem Jahr &hellip; <a href=\"https:\/\/blog.bib.uni-mannheim.de\/Aktuelles\/?p=22527\">Weiterlesen <span class=\"meta-nav\">&rarr;<\/span><\/a><\/p>\n","protected":false},"author":42,"featured_media":0,"comment_status":"open","ping_status":"open","sticky":false,"template":"","format":"standard","meta":{"footnotes":""},"categories":[4,1],"tags":[],"class_list":["post-22527","post","type-post","status-publish","format-standard","hentry","category-aktuelles","category-allgemein"],"views":2156,"_links":{"self":[{"href":"https:\/\/blog.bib.uni-mannheim.de\/Aktuelles\/index.php?rest_route=\/wp\/v2\/posts\/22527","targetHints":{"allow":["GET"]}}],"collection":[{"href":"https:\/\/blog.bib.uni-mannheim.de\/Aktuelles\/index.php?rest_route=\/wp\/v2\/posts"}],"about":[{"href":"https:\/\/blog.bib.uni-mannheim.de\/Aktuelles\/index.php?rest_route=\/wp\/v2\/types\/post"}],"author":[{"embeddable":true,"href":"https:\/\/blog.bib.uni-mannheim.de\/Aktuelles\/index.php?rest_route=\/wp\/v2\/users\/42"}],"replies":[{"embeddable":true,"href":"https:\/\/blog.bib.uni-mannheim.de\/Aktuelles\/index.php?rest_route=%2Fwp%2Fv2%2Fcomments&post=22527"}],"version-history":[{"count":0,"href":"https:\/\/blog.bib.uni-mannheim.de\/Aktuelles\/index.php?rest_route=\/wp\/v2\/posts\/22527\/revisions"}],"wp:attachment":[{"href":"https:\/\/blog.bib.uni-mannheim.de\/Aktuelles\/index.php?rest_route=%2Fwp%2Fv2%2Fmedia&parent=22527"}],"wp:term":[{"taxonomy":"category","embeddable":true,"href":"https:\/\/blog.bib.uni-mannheim.de\/Aktuelles\/index.php?rest_route=%2Fwp%2Fv2%2Fcategories&post=22527"},{"taxonomy":"post_tag","embeddable":true,"href":"https:\/\/blog.bib.uni-mannheim.de\/Aktuelles\/index.php?rest_route=%2Fwp%2Fv2%2Ftags&post=22527"}],"curies":[{"name":"wp","href":"https:\/\/api.w.org\/{rel}","templated":true}]}}