{"id":22729,"date":"2021-07-16T12:45:08","date_gmt":"2021-07-16T10:45:08","guid":{"rendered":"https:\/\/blog.bib.uni-mannheim.de\/Aktuelles\/?p=22729"},"modified":"2021-07-19T16:49:39","modified_gmt":"2021-07-19T14:49:39","slug":"achtung-ehrenhof-schliesst-am-17-und-18-juli-um-14-uhr","status":"publish","type":"post","link":"https:\/\/blog.bib.uni-mannheim.de\/Aktuelles\/?p=22729","title":{"rendered":"Achtung: Ehrenhof schlie\u00dft am 17. und 18. Juli bereits um 14 Uhr"},"content":{"rendered":"\n<div class=\"wp-block-image\"><figure class=\"alignleft size-large is-resized\"><a href=\"https:\/\/blog.bib.uni-mannheim.de\/Aktuelles\/wp-content\/uploads\/2021\/07\/BBe_Ehrenhof_geschlossen_Blogbeitrag_Website_1200x800px.jpg\"><img loading=\"lazy\" decoding=\"async\" src=\"https:\/\/blog.bib.uni-mannheim.de\/Aktuelles\/wp-content\/uploads\/2021\/07\/BBe_Ehrenhof_geschlossen_Blogbeitrag_Website_1200x800px-1024x683.jpg\" alt=\"\" class=\"wp-image-22731\" width=\"300\" height=\"200\" srcset=\"https:\/\/blog.bib.uni-mannheim.de\/Aktuelles\/wp-content\/uploads\/2021\/07\/BBe_Ehrenhof_geschlossen_Blogbeitrag_Website_1200x800px-1024x683.jpg 1024w, https:\/\/blog.bib.uni-mannheim.de\/Aktuelles\/wp-content\/uploads\/2021\/07\/BBe_Ehrenhof_geschlossen_Blogbeitrag_Website_1200x800px-300x200.jpg 300w, https:\/\/blog.bib.uni-mannheim.de\/Aktuelles\/wp-content\/uploads\/2021\/07\/BBe_Ehrenhof_geschlossen_Blogbeitrag_Website_1200x800px-768x512.jpg 768w, https:\/\/blog.bib.uni-mannheim.de\/Aktuelles\/wp-content\/uploads\/2021\/07\/BBe_Ehrenhof_geschlossen_Blogbeitrag_Website_1200x800px.jpg 1200w\" sizes=\"auto, (max-width: 300px) 100vw, 300px\" \/><\/a><\/figure><\/div>\n\n\n\n<p><strong>Am 17. und 18. Juli schlie\u00dft der Bibliotheksbereich Schloss Ehrenhof auf Grund einer Gro\u00dfveranstaltung bereits um 14 Uhr. Die Bibliotheksbereiche Schloss Schneckenhof, A3 und A5 sind regul\u00e4r von 10\u201322 Uhr ge\u00f6ffnet.<\/strong><\/p>\n\n\n\n<p>Wir haben heute kurzfristig erfahren, dass am Wochenende auf dem Ehrenhof Gro\u00dfveranstaltungen stattfinden und eine Nutzung der Ehrenhofbibliothek w\u00e4hrenddessen nicht m\u00f6glich ist.&nbsp;Sitzplatzbuchungen f\u00fcr den Bibliotheksbereich Ehrenhof bleiben bestehen. Wir bitten die Unannehmlichkeiten zu entschuldigen.<\/p>\n\n\n\n<p><span class=\"has-inline-color has-medium-gray-color\">On 17 and 18 July, the subject library Schloss Ehrenhof will close at 2 p.m. due to a major event. The subject libraries Schloss Schneckenhof, A3 and A5 will be open from 10 a.m. to 2 p.m.<\/span><\/p>\n\n\n\n<p><span class=\"has-inline-color has-medium-gray-color\">We have learned today at short notice that major events are taking place in the Ehrenhof on the weekend and that it will not be possible to use the Schloss Ehrenhof library during this time.\u00a0Seat reservations for the Ehrenhof library remain valid. We apologise for any inconvenience caused.<\/span><\/p>\n\n\n\n<p>Foto: dbv<\/p>\n\n\n\n<p><\/p>\n","protected":false},"excerpt":{"rendered":"<p>Am 17. und 18. Juli schlie\u00dft der Bibliotheksbereich Schloss Ehrenhof auf Grund einer Gro\u00dfveranstaltung bereits um 14 Uhr. Die Bibliotheksbereiche Schloss Schneckenhof, A3 und A5 sind regul\u00e4r von 10\u201322 Uhr ge\u00f6ffnet. Wir haben heute kurzfristig erfahren, dass am Wochenende auf &hellip; <a href=\"https:\/\/blog.bib.uni-mannheim.de\/Aktuelles\/?p=22729\">Weiterlesen <span class=\"meta-nav\">&rarr;<\/span><\/a><\/p>\n","protected":false},"author":42,"featured_media":0,"comment_status":"open","ping_status":"open","sticky":false,"template":"","format":"standard","meta":{"footnotes":""},"categories":[4,9,20],"tags":[],"class_list":["post-22729","post","type-post","status-publish","format-standard","hentry","category-aktuelles","category-aus-den-bereichen","category-oeffnungszeiten"],"views":1796,"_links":{"self":[{"href":"https:\/\/blog.bib.uni-mannheim.de\/Aktuelles\/index.php?rest_route=\/wp\/v2\/posts\/22729","targetHints":{"allow":["GET"]}}],"collection":[{"href":"https:\/\/blog.bib.uni-mannheim.de\/Aktuelles\/index.php?rest_route=\/wp\/v2\/posts"}],"about":[{"href":"https:\/\/blog.bib.uni-mannheim.de\/Aktuelles\/index.php?rest_route=\/wp\/v2\/types\/post"}],"author":[{"embeddable":true,"href":"https:\/\/blog.bib.uni-mannheim.de\/Aktuelles\/index.php?rest_route=\/wp\/v2\/users\/42"}],"replies":[{"embeddable":true,"href":"https:\/\/blog.bib.uni-mannheim.de\/Aktuelles\/index.php?rest_route=%2Fwp%2Fv2%2Fcomments&post=22729"}],"version-history":[{"count":0,"href":"https:\/\/blog.bib.uni-mannheim.de\/Aktuelles\/index.php?rest_route=\/wp\/v2\/posts\/22729\/revisions"}],"wp:attachment":[{"href":"https:\/\/blog.bib.uni-mannheim.de\/Aktuelles\/index.php?rest_route=%2Fwp%2Fv2%2Fmedia&parent=22729"}],"wp:term":[{"taxonomy":"category","embeddable":true,"href":"https:\/\/blog.bib.uni-mannheim.de\/Aktuelles\/index.php?rest_route=%2Fwp%2Fv2%2Fcategories&post=22729"},{"taxonomy":"post_tag","embeddable":true,"href":"https:\/\/blog.bib.uni-mannheim.de\/Aktuelles\/index.php?rest_route=%2Fwp%2Fv2%2Ftags&post=22729"}],"curies":[{"name":"wp","href":"https:\/\/api.w.org\/{rel}","templated":true}]}}