{"id":22769,"date":"2021-07-27T15:35:29","date_gmt":"2021-07-27T13:35:29","guid":{"rendered":"https:\/\/blog.bib.uni-mannheim.de\/Aktuelles\/?p=22769"},"modified":"2021-08-09T10:02:13","modified_gmt":"2021-08-09T08:02:13","slug":"alle-bibliotheksbereiche-mo-fr-ab-8-uhr-geoeffnet","status":"publish","type":"post","link":"https:\/\/blog.bib.uni-mannheim.de\/Aktuelles\/?p=22769","title":{"rendered":"Alle Bibliotheksbereiche Mo\u2012Fr ab 8 Uhr ge\u00f6ffnet"},"content":{"rendered":"\n<div class=\"wp-block-image\"><figure class=\"alignleft size-large is-resized\"><a href=\"https:\/\/blog.bib.uni-mannheim.de\/Aktuelles\/wp-content\/uploads\/2021\/03\/Collage_BBe_Blogbeitrag_Website_1200x800px.jpg\"><img loading=\"lazy\" decoding=\"async\" src=\"https:\/\/blog.bib.uni-mannheim.de\/Aktuelles\/wp-content\/uploads\/2021\/03\/Collage_BBe_Blogbeitrag_Website_1200x800px-1024x683.jpg\" alt=\"\" class=\"wp-image-21952\" width=\"300\" height=\"200\" srcset=\"https:\/\/blog.bib.uni-mannheim.de\/Aktuelles\/wp-content\/uploads\/2021\/03\/Collage_BBe_Blogbeitrag_Website_1200x800px-1024x683.jpg 1024w, https:\/\/blog.bib.uni-mannheim.de\/Aktuelles\/wp-content\/uploads\/2021\/03\/Collage_BBe_Blogbeitrag_Website_1200x800px-300x200.jpg 300w, https:\/\/blog.bib.uni-mannheim.de\/Aktuelles\/wp-content\/uploads\/2021\/03\/Collage_BBe_Blogbeitrag_Website_1200x800px-768x512.jpg 768w, https:\/\/blog.bib.uni-mannheim.de\/Aktuelles\/wp-content\/uploads\/2021\/03\/Collage_BBe_Blogbeitrag_Website_1200x800px.jpg 1200w\" sizes=\"auto, (max-width: 300px) 100vw, 300px\" \/><\/a><\/figure><\/div>\n\n\n\n<p><strong>Ab Montag, 2. August 2021, sind die Bibliotheksbereiche A3, A5, Schloss Ehrenhof und Schloss Schneckenhof f\u00fcr alle Nutzergruppen montags bis freitags&nbsp;ab 8 Uhr ge\u00f6ffnet. Mitglieder kooperierender Einrichtungen und Privatpersonen ben\u00f6tigen weiterhin eine g\u00fcltige Sitzplatzbuchung.<\/strong>&nbsp;<\/p>\n\n\n\n<hr class=\"wp-block-separator\"\/>\n\n\n\n<p><strong>Neue \u00d6ffnungszeiten:<\/strong>&nbsp;<\/p>\n\n\n\n<ul class=\"wp-block-list\"><li>A3: 8\u201222 Uhr (Mo\u2012Fr) und 10\u201222 Uhr (Sa\u2012So)<\/li><li>A5: 8\u201222 Uhr (Mo\u2012Fr) und 10\u201222 Uhr (Sa\u2012So)<\/li><li>Schloss Ehrenhof:&nbsp;8\u201222 Uhr (Mo\u2012Fr) und 10\u201222 Uhr (Sa\u2012So)&nbsp;<\/li><li>Schloss Schneckenhof:&nbsp;8\u201222 Uhr (Mo\u2012Fr) und 10\u201222 Uhr (Sa\u2012So)&nbsp;<\/li><li>Ausleihzentrum Schloss Westfl\u00fcgel:&nbsp;8\u201218 Uhr (Mo\u2012Fr)&nbsp;<\/li><\/ul>\n\n\n\n<hr class=\"wp-block-separator\"\/>\n\n\n\n<p><strong><span class=\"has-inline-color has-medium-gray-color\">From Monday, 2 August 2021, the subject libaries A3, A5, Schloss Ehrenhof and Schloss Schneckenhof will be open to all user groups from 8 a.m. on Monday to Fridays. Members of cooperating institutions and private individuals still need a valid seat reservation.<\/span><\/strong><\/p>\n\n\n\n<p><strong><span class=\"has-inline-color has-medium-gray-color\">New Opening hours:<\/span><\/strong>&nbsp;<\/p>\n\n\n\n<ul class=\"wp-block-list\"><li><span class=\"has-inline-color has-medium-gray-color\">A3: 8 a.m. \u2012 10 p.m. (Mo\u2012Fr) and 10 a.m. \u2012 10 p.m. (Sa\u2012Sun)<\/span><\/li><li><span class=\"has-inline-color has-medium-gray-color\">A5: 8 a.m. \u2012 10 p.m. (Mo\u2012Fr) and 10 a.m. \u2012 10 p.m. (Sa\u2012Sun)<\/span><\/li><li><span class=\"has-inline-color has-medium-gray-color\">Schloss Ehrenhof:&nbsp;8 a.m. \u2012 10 p.m. (Mo\u2012Fr) and 10 a.m. \u2012 10 p.m. (Sa\u2012Sun)<\/span><\/li><li><span class=\"has-inline-color has-medium-gray-color\">Schloss Schneckenhof:&nbsp;8 a.m. \u2012 10 p.m. (Mo\u2012Fr) and 10 a.m. \u2012 10 p.m. (Sa\u2012Sun)<\/span><\/li><li><span class=\"has-inline-color has-medium-gray-color\">Ausleihzentrum Schloss Westfl\u00fcgel:&nbsp;8 a.m. \u2012 6 p.m. (Mo\u2012Fr)<\/span>&nbsp;<\/li><\/ul>\n","protected":false},"excerpt":{"rendered":"<p>Ab Montag, 2. August 2021, sind die Bibliotheksbereiche A3, A5, Schloss Ehrenhof und Schloss Schneckenhof f\u00fcr alle Nutzergruppen montags bis freitags&nbsp;ab 8 Uhr ge\u00f6ffnet. Mitglieder kooperierender Einrichtungen und Privatpersonen ben\u00f6tigen weiterhin eine g\u00fcltige Sitzplatzbuchung.&nbsp; Neue \u00d6ffnungszeiten:&nbsp; A3: 8\u201222 Uhr (Mo\u2012Fr) &hellip; <a href=\"https:\/\/blog.bib.uni-mannheim.de\/Aktuelles\/?p=22769\">Weiterlesen <span class=\"meta-nav\">&rarr;<\/span><\/a><\/p>\n","protected":false},"author":42,"featured_media":0,"comment_status":"open","ping_status":"open","sticky":false,"template":"","format":"standard","meta":{"footnotes":""},"categories":[4,1,9,20],"tags":[],"class_list":["post-22769","post","type-post","status-publish","format-standard","hentry","category-aktuelles","category-allgemein","category-aus-den-bereichen","category-oeffnungszeiten"],"views":2435,"_links":{"self":[{"href":"https:\/\/blog.bib.uni-mannheim.de\/Aktuelles\/index.php?rest_route=\/wp\/v2\/posts\/22769","targetHints":{"allow":["GET"]}}],"collection":[{"href":"https:\/\/blog.bib.uni-mannheim.de\/Aktuelles\/index.php?rest_route=\/wp\/v2\/posts"}],"about":[{"href":"https:\/\/blog.bib.uni-mannheim.de\/Aktuelles\/index.php?rest_route=\/wp\/v2\/types\/post"}],"author":[{"embeddable":true,"href":"https:\/\/blog.bib.uni-mannheim.de\/Aktuelles\/index.php?rest_route=\/wp\/v2\/users\/42"}],"replies":[{"embeddable":true,"href":"https:\/\/blog.bib.uni-mannheim.de\/Aktuelles\/index.php?rest_route=%2Fwp%2Fv2%2Fcomments&post=22769"}],"version-history":[{"count":0,"href":"https:\/\/blog.bib.uni-mannheim.de\/Aktuelles\/index.php?rest_route=\/wp\/v2\/posts\/22769\/revisions"}],"wp:attachment":[{"href":"https:\/\/blog.bib.uni-mannheim.de\/Aktuelles\/index.php?rest_route=%2Fwp%2Fv2%2Fmedia&parent=22769"}],"wp:term":[{"taxonomy":"category","embeddable":true,"href":"https:\/\/blog.bib.uni-mannheim.de\/Aktuelles\/index.php?rest_route=%2Fwp%2Fv2%2Fcategories&post=22769"},{"taxonomy":"post_tag","embeddable":true,"href":"https:\/\/blog.bib.uni-mannheim.de\/Aktuelles\/index.php?rest_route=%2Fwp%2Fv2%2Ftags&post=22769"}],"curies":[{"name":"wp","href":"https:\/\/api.w.org\/{rel}","templated":true}]}}