{"id":23440,"date":"2021-12-17T15:34:00","date_gmt":"2021-12-17T14:34:00","guid":{"rendered":"https:\/\/blog.bib.uni-mannheim.de\/Aktuelles\/?p=23440"},"modified":"2021-12-21T09:23:13","modified_gmt":"2021-12-21T08:23:13","slug":"bibliotheksbereich-a3-ab-18-12-2021-wieder-geoeffnet","status":"publish","type":"post","link":"https:\/\/blog.bib.uni-mannheim.de\/Aktuelles\/?p=23440","title":{"rendered":"Bibliotheksbereich A3 ab 18. Dezember wieder ge\u00f6ffnet"},"content":{"rendered":"\n<div class=\"wp-block-image\"><figure class=\"alignleft size-medium\"><a href=\"https:\/\/blog.bib.uni-mannheim.de\/Aktuelles\/wp-content\/uploads\/2020\/12\/Blogbeitrag_info.jpg\"><img loading=\"lazy\" decoding=\"async\" width=\"300\" height=\"200\" src=\"https:\/\/blog.bib.uni-mannheim.de\/Aktuelles\/wp-content\/uploads\/2020\/12\/Blogbeitrag_info-300x200.jpg\" alt=\"\" class=\"wp-image-21156\" srcset=\"https:\/\/blog.bib.uni-mannheim.de\/Aktuelles\/wp-content\/uploads\/2020\/12\/Blogbeitrag_info-300x200.jpg 300w, https:\/\/blog.bib.uni-mannheim.de\/Aktuelles\/wp-content\/uploads\/2020\/12\/Blogbeitrag_info-1024x683.jpg 1024w, https:\/\/blog.bib.uni-mannheim.de\/Aktuelles\/wp-content\/uploads\/2020\/12\/Blogbeitrag_info-768x512.jpg 768w, https:\/\/blog.bib.uni-mannheim.de\/Aktuelles\/wp-content\/uploads\/2020\/12\/Blogbeitrag_info.jpg 1200w\" sizes=\"auto, (max-width: 300px) 100vw, 300px\" \/><\/a><\/figure><\/div>\n\n\n\n<p>Gute Neuigkeiten: Der Defekt an der L\u00fcftungsanlage im Bibliotheksbereich A3 ist behoben.<br \/><strong>Der Bibliothekbereich ist ab Samstag, 18. Dezember, wieder zu den normalen \u00d6ffnungszeiten ge\u00f6ffnet<\/strong>. F\u00fcr die kommenden Tage k\u00f6nnen wieder Sitzplatzbuchungen im Bibliothekbereich A3 angelegt werden. <\/p>\n\n\n\n<p class=\"has-small-font-size\"><\/p><p class=\"has-small-font-size\"><\/p><p class=\"has-small-font-size\"><\/p><p class=\"has-small-font-size\"><\/p><p style=\"color:gray\">Good news: The defect in the ventilation system in the A3 Library has been repaired. <strong>The A3 Library will be open again for normal opening hours from Saturday, 18 December.<\/strong> For the coming days, seat bookings can be created again in the A3 Library.<\/p> Foto: Sebastian Weindel\n","protected":false},"excerpt":{"rendered":"<p>Gute Neuigkeiten: Der Defekt an der L\u00fcftungsanlage im Bibliotheksbereich A3 ist behoben.Der Bibliothekbereich ist ab Samstag, 18. Dezember, wieder zu den normalen \u00d6ffnungszeiten ge\u00f6ffnet. F\u00fcr die kommenden Tage k\u00f6nnen wieder Sitzplatzbuchungen im Bibliothekbereich A3 angelegt werden. Good news: The defect &hellip; <a href=\"https:\/\/blog.bib.uni-mannheim.de\/Aktuelles\/?p=23440\">Weiterlesen <span class=\"meta-nav\">&rarr;<\/span><\/a><\/p>\n","protected":false},"author":20,"featured_media":0,"comment_status":"open","ping_status":"open","sticky":false,"template":"","format":"standard","meta":{"footnotes":""},"categories":[4,1,9],"tags":[],"class_list":["post-23440","post","type-post","status-publish","format-standard","hentry","category-aktuelles","category-allgemein","category-aus-den-bereichen"],"views":1538,"_links":{"self":[{"href":"https:\/\/blog.bib.uni-mannheim.de\/Aktuelles\/index.php?rest_route=\/wp\/v2\/posts\/23440","targetHints":{"allow":["GET"]}}],"collection":[{"href":"https:\/\/blog.bib.uni-mannheim.de\/Aktuelles\/index.php?rest_route=\/wp\/v2\/posts"}],"about":[{"href":"https:\/\/blog.bib.uni-mannheim.de\/Aktuelles\/index.php?rest_route=\/wp\/v2\/types\/post"}],"author":[{"embeddable":true,"href":"https:\/\/blog.bib.uni-mannheim.de\/Aktuelles\/index.php?rest_route=\/wp\/v2\/users\/20"}],"replies":[{"embeddable":true,"href":"https:\/\/blog.bib.uni-mannheim.de\/Aktuelles\/index.php?rest_route=%2Fwp%2Fv2%2Fcomments&post=23440"}],"version-history":[{"count":0,"href":"https:\/\/blog.bib.uni-mannheim.de\/Aktuelles\/index.php?rest_route=\/wp\/v2\/posts\/23440\/revisions"}],"wp:attachment":[{"href":"https:\/\/blog.bib.uni-mannheim.de\/Aktuelles\/index.php?rest_route=%2Fwp%2Fv2%2Fmedia&parent=23440"}],"wp:term":[{"taxonomy":"category","embeddable":true,"href":"https:\/\/blog.bib.uni-mannheim.de\/Aktuelles\/index.php?rest_route=%2Fwp%2Fv2%2Fcategories&post=23440"},{"taxonomy":"post_tag","embeddable":true,"href":"https:\/\/blog.bib.uni-mannheim.de\/Aktuelles\/index.php?rest_route=%2Fwp%2Fv2%2Ftags&post=23440"}],"curies":[{"name":"wp","href":"https:\/\/api.w.org\/{rel}","templated":true}]}}