{"id":23724,"date":"2022-02-17T18:50:01","date_gmt":"2022-02-17T17:50:01","guid":{"rendered":"https:\/\/blog.bib.uni-mannheim.de\/Aktuelles\/?p=23724"},"modified":"2022-03-04T08:38:07","modified_gmt":"2022-03-04T07:38:07","slug":"neue-kuben-zum-konzentrierten-lernen","status":"publish","type":"post","link":"https:\/\/blog.bib.uni-mannheim.de\/Aktuelles\/?p=23724","title":{"rendered":"Neue Kuben zum konzentrierten Lernen"},"content":{"rendered":"\n<div class=\"wp-block-image\"><figure class=\"alignleft size-medium\"><a href=\"https:\/\/blog.bib.uni-mannheim.de\/Aktuelles\/wp-content\/uploads\/2022\/02\/Kuben_Blog_1200x800px.jpg\"><img loading=\"lazy\" decoding=\"async\" width=\"300\" height=\"200\" src=\"https:\/\/blog.bib.uni-mannheim.de\/Aktuelles\/wp-content\/uploads\/2022\/02\/Kuben_Blog_1200x800px-300x200.jpg\" alt=\"\" class=\"wp-image-23747\" srcset=\"https:\/\/blog.bib.uni-mannheim.de\/Aktuelles\/wp-content\/uploads\/2022\/02\/Kuben_Blog_1200x800px-300x200.jpg 300w, https:\/\/blog.bib.uni-mannheim.de\/Aktuelles\/wp-content\/uploads\/2022\/02\/Kuben_Blog_1200x800px-1024x683.jpg 1024w, https:\/\/blog.bib.uni-mannheim.de\/Aktuelles\/wp-content\/uploads\/2022\/02\/Kuben_Blog_1200x800px-768x512.jpg 768w, https:\/\/blog.bib.uni-mannheim.de\/Aktuelles\/wp-content\/uploads\/2022\/02\/Kuben_Blog_1200x800px.jpg 1200w\" sizes=\"auto, (max-width: 300px) 100vw, 300px\" \/><\/a><\/figure><\/div>\n\n\n\n<p><strong>Haben Sie schon die neuen Kuben in den Bibliotheksbereichen entdeckt?<\/strong><\/p>\n\n\n\n<p>Die Arbeitspl\u00e4tze sind mit Schallschutzw\u00e4nden versehen, sodass Sie beim Lernen weniger abgelenkt werden. In den Kuben k\u00f6nnen Sie<strong> ungest\u00f6rt und konzentriert lesen und arbeiten<\/strong>. <\/p>\n\n\n\n<p>Probieren Sie es aus! <\/p>\n\n\n\n<p>Alle Kuben sind mit Strom- und USB-Anschl\u00fcssen ausgestattet. Sie finden sie in den Bibliotheksbereichen A3 (1. OG), A5 (EG und UG), Schloss Ehrenhof (2. OG West) und Schloss Schneckenhof (EG). <\/p>\n\n\n\n<div style=\"height:40px\" aria-hidden=\"true\" class=\"wp-block-spacer\"><\/div>\n\n\n\n<h2 class=\"wp-block-heading\" id=\"new-cubes-for-focused-learning\"><strong><mark style=\"background-color:rgba(0, 0, 0, 0)\" class=\"has-inline-color has-medium-gray-color\">New cubes for focused learning<\/mark><\/strong><\/h2>\n\n\n\n<p><strong><mark style=\"background-color:rgba(0, 0, 0, 0)\" class=\"has-inline-color has-medium-gray-color\">Have you already noticed the new cubes in the subject libraries?<\/mark><\/strong><\/p>\n\n\n\n<p class=\"has-medium-gray-color has-text-color\"><mark style=\"background-color:rgba(0, 0, 0, 0)\" class=\"has-inline-color has-medium-gray-color\">The workspaces are equipped with noise barriers so that you are less easily distracted from your studies. In the cubes you can <strong>read and work undisturbed and focused<\/strong>.<\/mark><\/p>\n\n\n\n<p class=\"has-medium-gray-color has-text-color\"><mark style=\"background-color:rgba(0, 0, 0, 0)\" class=\"has-inline-color has-medium-gray-color\">Just try it out!<\/mark><\/p>\n\n\n\n<p class=\"has-medium-gray-color has-text-color\"><mark style=\"background-color:rgba(0, 0, 0, 0)\" class=\"has-inline-color has-medium-gray-color\">All cubes are equipped with electricity and USB ports. You find them in the subject libraries A3 (1. OG), A5 (EG and UG), Schloss Ehrenhof (2. OG West) and Schloss Schneckenhof (EG). <\/mark><\/p>\n\n\n\n<div style=\"height:20px\" aria-hidden=\"true\" class=\"wp-block-spacer\"><\/div>\n\n\n\n<p class=\"has-medium-gray-color has-text-color\" style=\"font-size:12px\"><mark style=\"background-color:rgba(0, 0, 0, 0)\" class=\"has-inline-color has-medium-gray-color\">Foto: Christina Sch\u00fc\u00dfler<\/mark><\/p>\n","protected":false},"excerpt":{"rendered":"<p>Haben Sie schon die neuen Kuben in den Bibliotheksbereichen entdeckt? Die Arbeitspl\u00e4tze sind mit Schallschutzw\u00e4nden versehen, sodass Sie beim Lernen weniger abgelenkt werden. In den Kuben k\u00f6nnen Sie ungest\u00f6rt und konzentriert lesen und arbeiten. Probieren Sie es aus! Alle Kuben &hellip; <a href=\"https:\/\/blog.bib.uni-mannheim.de\/Aktuelles\/?p=23724\">Weiterlesen <span class=\"meta-nav\">&rarr;<\/span><\/a><\/p>\n","protected":false},"author":38,"featured_media":0,"comment_status":"open","ping_status":"open","sticky":false,"template":"","format":"standard","meta":{"footnotes":""},"categories":[4,1,9],"tags":[],"class_list":["post-23724","post","type-post","status-publish","format-standard","hentry","category-aktuelles","category-allgemein","category-aus-den-bereichen"],"views":2171,"_links":{"self":[{"href":"https:\/\/blog.bib.uni-mannheim.de\/Aktuelles\/index.php?rest_route=\/wp\/v2\/posts\/23724","targetHints":{"allow":["GET"]}}],"collection":[{"href":"https:\/\/blog.bib.uni-mannheim.de\/Aktuelles\/index.php?rest_route=\/wp\/v2\/posts"}],"about":[{"href":"https:\/\/blog.bib.uni-mannheim.de\/Aktuelles\/index.php?rest_route=\/wp\/v2\/types\/post"}],"author":[{"embeddable":true,"href":"https:\/\/blog.bib.uni-mannheim.de\/Aktuelles\/index.php?rest_route=\/wp\/v2\/users\/38"}],"replies":[{"embeddable":true,"href":"https:\/\/blog.bib.uni-mannheim.de\/Aktuelles\/index.php?rest_route=%2Fwp%2Fv2%2Fcomments&post=23724"}],"version-history":[{"count":0,"href":"https:\/\/blog.bib.uni-mannheim.de\/Aktuelles\/index.php?rest_route=\/wp\/v2\/posts\/23724\/revisions"}],"wp:attachment":[{"href":"https:\/\/blog.bib.uni-mannheim.de\/Aktuelles\/index.php?rest_route=%2Fwp%2Fv2%2Fmedia&parent=23724"}],"wp:term":[{"taxonomy":"category","embeddable":true,"href":"https:\/\/blog.bib.uni-mannheim.de\/Aktuelles\/index.php?rest_route=%2Fwp%2Fv2%2Fcategories&post=23724"},{"taxonomy":"post_tag","embeddable":true,"href":"https:\/\/blog.bib.uni-mannheim.de\/Aktuelles\/index.php?rest_route=%2Fwp%2Fv2%2Ftags&post=23724"}],"curies":[{"name":"wp","href":"https:\/\/api.w.org\/{rel}","templated":true}]}}