{"id":23960,"date":"2022-03-17T12:39:38","date_gmt":"2022-03-17T11:39:38","guid":{"rendered":"https:\/\/blog.bib.uni-mannheim.de\/Aktuelles\/?p=23960"},"modified":"2022-03-31T17:59:27","modified_gmt":"2022-03-31T15:59:27","slug":"neue-reglungen-ab-23-maerz-mehr-arbeitsplaetze-in-den-bibliotheksbereichen-keine-sitzplatzbuchung-mehr","status":"publish","type":"post","link":"https:\/\/blog.bib.uni-mannheim.de\/Aktuelles\/?p=23960","title":{"rendered":"Neue Regelungen ab 23. M\u00e4rz: Mehr Arbeitspl\u00e4tze in den Bibliotheksbereichen \u2013 Sitzplatzbuchung entf\u00e4llt"},"content":{"rendered":"\n<div class=\"wp-block-image\"><figure class=\"alignleft size-medium\"><a href=\"https:\/\/blog.bib.uni-mannheim.de\/Aktuelles\/wp-content\/uploads\/2020\/11\/DSC_0487_Sebastian-Weindel-scaled.jpg\"><img loading=\"lazy\" decoding=\"async\" width=\"300\" height=\"200\" src=\"https:\/\/blog.bib.uni-mannheim.de\/Aktuelles\/wp-content\/uploads\/2020\/11\/DSC_0487_Sebastian-Weindel-300x200.jpg\" alt=\"\" class=\"wp-image-20965\" srcset=\"https:\/\/blog.bib.uni-mannheim.de\/Aktuelles\/wp-content\/uploads\/2020\/11\/DSC_0487_Sebastian-Weindel-300x200.jpg 300w, https:\/\/blog.bib.uni-mannheim.de\/Aktuelles\/wp-content\/uploads\/2020\/11\/DSC_0487_Sebastian-Weindel-1024x684.jpg 1024w, https:\/\/blog.bib.uni-mannheim.de\/Aktuelles\/wp-content\/uploads\/2020\/11\/DSC_0487_Sebastian-Weindel-768x513.jpg 768w, https:\/\/blog.bib.uni-mannheim.de\/Aktuelles\/wp-content\/uploads\/2020\/11\/DSC_0487_Sebastian-Weindel-1536x1025.jpg 1536w, https:\/\/blog.bib.uni-mannheim.de\/Aktuelles\/wp-content\/uploads\/2020\/11\/DSC_0487_Sebastian-Weindel-2048x1367.jpg 2048w\" sizes=\"auto, (max-width: 300px) 100vw, 300px\" \/><\/a><\/figure><\/div>\n\n\n\n<p><strong>Ab Mittwoch, 23. M\u00e4rz, stehen die Arbeitspl\u00e4tze in den Bibliotheksbereichen wieder uneingeschr\u00e4nkt zur Verf\u00fcgung. Damit entf\u00e4llt die Sitzplatzbuchung f\u00fcr alle Nutzergruppen.<\/strong> Auch Gasth\u00f6rende, Mitglieder kooperierender Einrichtungen und Privatpersonen mit Bibliotheksausweis k\u00f6nnen dann wieder spontan in die Bibliothek kommen.<\/p>\n\n\n\n<p>Der Zugang zu den Bibliotheksbereichen ist f\u00fcr alle Nutzerinnen und Nutzer nur mit der pers\u00f6nlichen ecUM oder UB-Chipkarte m\u00f6glich. Die 3G-Regel und die Pflicht zum Tragen einer FFP2-Maske gelten weiterhin.<\/p>\n\n\n\n<p>\u00dcber weitere \u00c4nderungen informieren wir Sie hier im Blog, auf unserer Website und \u00fcber Social Media.<\/p>\n\n\n\n<p class=\"fotocredit\">Foto: Sebastian Weindel<\/p>\n","protected":false},"excerpt":{"rendered":"<p>Ab Mittwoch, 23. M\u00e4rz, stehen die Arbeitspl\u00e4tze in den Bibliotheksbereichen wieder uneingeschr\u00e4nkt zur Verf\u00fcgung. Damit entf\u00e4llt die Sitzplatzbuchung f\u00fcr alle Nutzergruppen. Auch Gasth\u00f6rende, Mitglieder kooperierender Einrichtungen und Privatpersonen mit Bibliotheksausweis k\u00f6nnen dann wieder spontan in die Bibliothek kommen. Der Zugang &hellip; <a href=\"https:\/\/blog.bib.uni-mannheim.de\/Aktuelles\/?p=23960\">Weiterlesen <span class=\"meta-nav\">&rarr;<\/span><\/a><\/p>\n","protected":false},"author":38,"featured_media":0,"comment_status":"open","ping_status":"open","sticky":false,"template":"","format":"standard","meta":{"footnotes":""},"categories":[4,1,9],"tags":[],"class_list":["post-23960","post","type-post","status-publish","format-standard","hentry","category-aktuelles","category-allgemein","category-aus-den-bereichen"],"views":2931,"_links":{"self":[{"href":"https:\/\/blog.bib.uni-mannheim.de\/Aktuelles\/index.php?rest_route=\/wp\/v2\/posts\/23960","targetHints":{"allow":["GET"]}}],"collection":[{"href":"https:\/\/blog.bib.uni-mannheim.de\/Aktuelles\/index.php?rest_route=\/wp\/v2\/posts"}],"about":[{"href":"https:\/\/blog.bib.uni-mannheim.de\/Aktuelles\/index.php?rest_route=\/wp\/v2\/types\/post"}],"author":[{"embeddable":true,"href":"https:\/\/blog.bib.uni-mannheim.de\/Aktuelles\/index.php?rest_route=\/wp\/v2\/users\/38"}],"replies":[{"embeddable":true,"href":"https:\/\/blog.bib.uni-mannheim.de\/Aktuelles\/index.php?rest_route=%2Fwp%2Fv2%2Fcomments&post=23960"}],"version-history":[{"count":0,"href":"https:\/\/blog.bib.uni-mannheim.de\/Aktuelles\/index.php?rest_route=\/wp\/v2\/posts\/23960\/revisions"}],"wp:attachment":[{"href":"https:\/\/blog.bib.uni-mannheim.de\/Aktuelles\/index.php?rest_route=%2Fwp%2Fv2%2Fmedia&parent=23960"}],"wp:term":[{"taxonomy":"category","embeddable":true,"href":"https:\/\/blog.bib.uni-mannheim.de\/Aktuelles\/index.php?rest_route=%2Fwp%2Fv2%2Fcategories&post=23960"},{"taxonomy":"post_tag","embeddable":true,"href":"https:\/\/blog.bib.uni-mannheim.de\/Aktuelles\/index.php?rest_route=%2Fwp%2Fv2%2Ftags&post=23960"}],"curies":[{"name":"wp","href":"https:\/\/api.w.org\/{rel}","templated":true}]}}