{"id":24721,"date":"2022-09-13T13:27:05","date_gmt":"2022-09-13T11:27:05","guid":{"rendered":"https:\/\/blog.bib.uni-mannheim.de\/Aktuelles\/?p=24721"},"modified":"2022-09-28T08:31:39","modified_gmt":"2022-09-28T06:31:39","slug":"welcome-back-days","status":"publish","type":"post","link":"https:\/\/blog.bib.uni-mannheim.de\/Aktuelles\/?p=24721","title":{"rendered":"Welcome Back Days \u2013 Workshops im ExpLAB"},"content":{"rendered":"<div class=\"wp-block-image\">\n<figure class=\"alignleft size-medium\"><a href=\"https:\/\/blog.bib.uni-mannheim.de\/Aktuelles\/wp-content\/uploads\/2022\/09\/Blog_DSC_5493_1.jpg\"><img loading=\"lazy\" decoding=\"async\" width=\"300\" height=\"200\" src=\"https:\/\/blog.bib.uni-mannheim.de\/Aktuelles\/wp-content\/uploads\/2022\/09\/Blog_DSC_5493_1-300x200.jpg\" alt=\"\" class=\"wp-image-24728\" srcset=\"https:\/\/blog.bib.uni-mannheim.de\/Aktuelles\/wp-content\/uploads\/2022\/09\/Blog_DSC_5493_1-300x200.jpg 300w, https:\/\/blog.bib.uni-mannheim.de\/Aktuelles\/wp-content\/uploads\/2022\/09\/Blog_DSC_5493_1-1024x683.jpg 1024w, https:\/\/blog.bib.uni-mannheim.de\/Aktuelles\/wp-content\/uploads\/2022\/09\/Blog_DSC_5493_1-768x512.jpg 768w, https:\/\/blog.bib.uni-mannheim.de\/Aktuelles\/wp-content\/uploads\/2022\/09\/Blog_DSC_5493_1-1536x1024.jpg 1536w, https:\/\/blog.bib.uni-mannheim.de\/Aktuelles\/wp-content\/uploads\/2022\/09\/Blog_DSC_5493_1.jpg 1773w\" sizes=\"auto, (max-width: 300px) 100vw, 300px\" \/><\/a><\/figure>\n<\/div>\n\n\n<p>Herzlich willkommen in der Universit\u00e4tsbibliothek, liebe Studierende! Sch\u00f6n, dass Sie (wieder) da sind! <\/p>\n\n\n\n<p>Am <strong>26. und 27. September<\/strong> haben Sie die Gelegenheit, in verschiedenen <strong>Workshops<\/strong> das <a rel=\"noreferrer noopener\" href=\"https:\/\/www.bib.uni-mannheim.de\/standorte\/explab-schloss-schneckenhof\/\" target=\"_blank\"><strong>ExpLAB<\/strong><\/a>, den innovativen Raum f\u00fcr kreatives und gemeinschaftliches Lernen und Arbeiten, im Bibliotheksbereich Schloss Schneckenhof kennenzulernen. <\/p>\n\n\n\n<p>Im Workshop<strong> &#8222;Design Thinking&#8220;<\/strong> erhalten Sie eine Einf\u00fchrung in die spielerischen und kreativen Methoden des Design Thinking und erfahren, wie Sie die Materialien im ExpLAB f\u00fcr Ihre Gruppenarbeit nutzen k\u00f6nnen. Oder Sie tauchen im Workshop <strong>&#8222;Virtual Reality&#8220;<\/strong> mit VR-Brillen in virtuelle Welten ein. <\/p>\n\n\n\n<p>Probieren Sie es aus \u2013 wir freuen uns auf Sie!<\/p>\n\n\n\n<p>Weitere Informationen zu den Workshops und zur Anmeldung finden Sie auf unserer <a rel=\"noreferrer noopener\" href=\"https:\/\/www.bib.uni-mannheim.de\/ihre-ub\/ausstellungen-und-veranstaltungen\/welcome-back-days\/\" target=\"_blank\">Website<\/a>.   <\/p>\n\n\n\n<p class=\"fotocredit\">Foto: Anna Logue<\/p>\n\n\n\n<p>  <\/p>\n","protected":false},"excerpt":{"rendered":"<p>Herzlich willkommen in der Universit\u00e4tsbibliothek, liebe Studierende! Sch\u00f6n, dass Sie (wieder) da sind! Am 26. und 27. September haben Sie die Gelegenheit, in verschiedenen Workshops das ExpLAB, den innovativen Raum f\u00fcr kreatives und gemeinschaftliches Lernen und Arbeiten, im Bibliotheksbereich Schloss &hellip; <a href=\"https:\/\/blog.bib.uni-mannheim.de\/Aktuelles\/?p=24721\">Weiterlesen <span class=\"meta-nav\">&rarr;<\/span><\/a><\/p>\n","protected":false},"author":38,"featured_media":0,"comment_status":"open","ping_status":"open","sticky":false,"template":"","format":"standard","meta":{"footnotes":""},"categories":[4,1,8],"tags":[],"class_list":["post-24721","post","type-post","status-publish","format-standard","hentry","category-aktuelles","category-allgemein","category-veranstaltungen"],"views":1027,"_links":{"self":[{"href":"https:\/\/blog.bib.uni-mannheim.de\/Aktuelles\/index.php?rest_route=\/wp\/v2\/posts\/24721","targetHints":{"allow":["GET"]}}],"collection":[{"href":"https:\/\/blog.bib.uni-mannheim.de\/Aktuelles\/index.php?rest_route=\/wp\/v2\/posts"}],"about":[{"href":"https:\/\/blog.bib.uni-mannheim.de\/Aktuelles\/index.php?rest_route=\/wp\/v2\/types\/post"}],"author":[{"embeddable":true,"href":"https:\/\/blog.bib.uni-mannheim.de\/Aktuelles\/index.php?rest_route=\/wp\/v2\/users\/38"}],"replies":[{"embeddable":true,"href":"https:\/\/blog.bib.uni-mannheim.de\/Aktuelles\/index.php?rest_route=%2Fwp%2Fv2%2Fcomments&post=24721"}],"version-history":[{"count":0,"href":"https:\/\/blog.bib.uni-mannheim.de\/Aktuelles\/index.php?rest_route=\/wp\/v2\/posts\/24721\/revisions"}],"wp:attachment":[{"href":"https:\/\/blog.bib.uni-mannheim.de\/Aktuelles\/index.php?rest_route=%2Fwp%2Fv2%2Fmedia&parent=24721"}],"wp:term":[{"taxonomy":"category","embeddable":true,"href":"https:\/\/blog.bib.uni-mannheim.de\/Aktuelles\/index.php?rest_route=%2Fwp%2Fv2%2Fcategories&post=24721"},{"taxonomy":"post_tag","embeddable":true,"href":"https:\/\/blog.bib.uni-mannheim.de\/Aktuelles\/index.php?rest_route=%2Fwp%2Fv2%2Ftags&post=24721"}],"curies":[{"name":"wp","href":"https:\/\/api.w.org\/{rel}","templated":true}]}}