{"id":25005,"date":"2023-02-07T10:03:32","date_gmt":"2023-02-07T09:03:32","guid":{"rendered":"https:\/\/blog.bib.uni-mannheim.de\/Aktuelles\/?p=25005"},"modified":"2023-03-06T10:40:23","modified_gmt":"2023-03-06T09:40:23","slug":"studentische-hilfskraft-fuer-social-media-und-videoschnitt","status":"publish","type":"post","link":"https:\/\/blog.bib.uni-mannheim.de\/Aktuelles\/?p=25005","title":{"rendered":"Studentische Hilfskraft f\u00fcr Kommunikationsteam"},"content":{"rendered":"<div class=\"wp-block-image\">\n<figure class=\"alignleft size-full is-resized\"><a href=\"https:\/\/blog.bib.uni-mannheim.de\/Aktuelles\/wp-content\/uploads\/2022\/11\/Join-our-Team_1200x800_Anna-Logue.png\"><img loading=\"lazy\" decoding=\"async\" src=\"https:\/\/blog.bib.uni-mannheim.de\/Aktuelles\/wp-content\/uploads\/2022\/11\/Join-our-Team_1200x800_Anna-Logue.png\" alt=\"\" class=\"wp-image-25006\" width=\"300\" height=\"200\" srcset=\"https:\/\/blog.bib.uni-mannheim.de\/Aktuelles\/wp-content\/uploads\/2022\/11\/Join-our-Team_1200x800_Anna-Logue.png 793w, https:\/\/blog.bib.uni-mannheim.de\/Aktuelles\/wp-content\/uploads\/2022\/11\/Join-our-Team_1200x800_Anna-Logue-300x200.png 300w, https:\/\/blog.bib.uni-mannheim.de\/Aktuelles\/wp-content\/uploads\/2022\/11\/Join-our-Team_1200x800_Anna-Logue-768x512.png 768w\" sizes=\"auto, (max-width: 300px) 100vw, 300px\" \/><\/a><\/figure>\n<\/div>\n\n\n<p>Du bist kreativ, kommunikativ und interessierst dich f\u00fcr <strong>Social Media<\/strong> und <strong>\u00d6ffentlichkeitsarbeit<\/strong>? Du hast Spa\u00df am Erstellen von Videos f\u00fcr YouTube und Instagram, bist zuverl\u00e4ssig und an einer l\u00e4ngerfristigen Besch\u00e4ftigung interessiert?<\/p>\n\n\n\n<p>Die Universit\u00e4tsbibliothek Mannheim sucht <strong>zur Mitarbeit im <\/strong>Kommunikationsteam und bei der Erstellung von animierten Lehr- und Lernvideos eine<\/p>\n\n\n\n<ul class=\"wp-block-list\">\n<li>Hilfskraft (ungepr\u00fcft\/gepr\u00fcft)<\/li>\n\n\n\n<li>ab dem 1. Februar oder 1. M\u00e4rz 2023<\/li>\n\n\n\n<li>f\u00fcr 20-30 Stunden im Monat&nbsp;<\/li>\n<\/ul>\n\n\n\n<p><strong>Was<\/strong> <strong>ewartet dich?<\/strong><\/p>\n\n\n\n<ul class=\"wp-block-list\">\n<li>Erstellen von Content f\u00fcr Instagram (Posts, Reels, Stories)<\/li>\n\n\n\n<li>Mitarbeiten beim Erstellen von Content f\u00fcr YouTube (Videos, Live, etc.)<\/li>\n\n\n\n<li>Betreuung von Veranstaltungen der UB (Ausstellungen, Tagungen, etc.)<\/li>\n\n\n\n<li>Mitarbeit beim Erstellen von animierten Lehr- und Lernvideos<\/li>\n<\/ul>\n\n\n\n<h3 class=\"wp-block-heading\"><strong>Was solltest du mitbringen?<\/strong><\/h3>\n\n\n\n<ul class=\"wp-block-list\">\n<li>Erste Erfahrungen im Videoschnitt<\/li>\n\n\n\n<li>Erfahrungen im Bereich Social Media<\/li>\n\n\n\n<li>Erste Erfahrungen im Storytelling<\/li>\n\n\n\n<li>Selbstst\u00e4ndige und strukturierte Arbeitsweise<\/li>\n\n\n\n<li>Freude an der kreativen Arbeit im Team <\/li>\n<\/ul>\n\n\n\n<p><strong>Bitte sende deine Bewerbung mit Anschreiben, Lebenslauf und Zeugnissen<br \/>per E-Mail an<\/strong> <strong>viktor.boecking@uni-mannheim.de.<\/strong><\/p>\n\n\n\n<p>Bewerbungsschluss ist der 05. M\u00e4rz 2023.<\/p>\n\n\n\n<p class=\"fotocredit\">Foto: Anna Logue<\/p>\n","protected":false},"excerpt":{"rendered":"<p>Du bist kreativ, kommunikativ und interessierst dich f\u00fcr Social Media und \u00d6ffentlichkeitsarbeit? Du hast Spa\u00df am Erstellen von Videos f\u00fcr YouTube und Instagram, bist zuverl\u00e4ssig und an einer l\u00e4ngerfristigen Besch\u00e4ftigung interessiert? Die Universit\u00e4tsbibliothek Mannheim sucht zur Mitarbeit im Kommunikationsteam und &hellip; <a href=\"https:\/\/blog.bib.uni-mannheim.de\/Aktuelles\/?p=25005\">Weiterlesen <span class=\"meta-nav\">&rarr;<\/span><\/a><\/p>\n","protected":false},"author":42,"featured_media":0,"comment_status":"open","ping_status":"open","sticky":false,"template":"","format":"standard","meta":{"footnotes":""},"categories":[4,1,11],"tags":[],"class_list":["post-25005","post","type-post","status-publish","format-standard","hentry","category-aktuelles","category-allgemein","category-stellenangebote"],"views":2492,"_links":{"self":[{"href":"https:\/\/blog.bib.uni-mannheim.de\/Aktuelles\/index.php?rest_route=\/wp\/v2\/posts\/25005","targetHints":{"allow":["GET"]}}],"collection":[{"href":"https:\/\/blog.bib.uni-mannheim.de\/Aktuelles\/index.php?rest_route=\/wp\/v2\/posts"}],"about":[{"href":"https:\/\/blog.bib.uni-mannheim.de\/Aktuelles\/index.php?rest_route=\/wp\/v2\/types\/post"}],"author":[{"embeddable":true,"href":"https:\/\/blog.bib.uni-mannheim.de\/Aktuelles\/index.php?rest_route=\/wp\/v2\/users\/42"}],"replies":[{"embeddable":true,"href":"https:\/\/blog.bib.uni-mannheim.de\/Aktuelles\/index.php?rest_route=%2Fwp%2Fv2%2Fcomments&post=25005"}],"version-history":[{"count":0,"href":"https:\/\/blog.bib.uni-mannheim.de\/Aktuelles\/index.php?rest_route=\/wp\/v2\/posts\/25005\/revisions"}],"wp:attachment":[{"href":"https:\/\/blog.bib.uni-mannheim.de\/Aktuelles\/index.php?rest_route=%2Fwp%2Fv2%2Fmedia&parent=25005"}],"wp:term":[{"taxonomy":"category","embeddable":true,"href":"https:\/\/blog.bib.uni-mannheim.de\/Aktuelles\/index.php?rest_route=%2Fwp%2Fv2%2Fcategories&post=25005"},{"taxonomy":"post_tag","embeddable":true,"href":"https:\/\/blog.bib.uni-mannheim.de\/Aktuelles\/index.php?rest_route=%2Fwp%2Fv2%2Ftags&post=25005"}],"curies":[{"name":"wp","href":"https:\/\/api.w.org\/{rel}","templated":true}]}}