{"id":25056,"date":"2022-12-07T09:17:13","date_gmt":"2022-12-07T08:17:13","guid":{"rendered":"https:\/\/blog.bib.uni-mannheim.de\/Aktuelles\/?p=25056"},"modified":"2023-01-02T08:59:21","modified_gmt":"2023-01-02T07:59:21","slug":"schliessung-und-sonderausleihe-ueber-den-jahreswechsel","status":"publish","type":"post","link":"https:\/\/blog.bib.uni-mannheim.de\/Aktuelles\/?p=25056","title":{"rendered":"Schlie\u00dfung und Sonderausleihe \u00fcber den Jahreswechsel"},"content":{"rendered":"<div class=\"wp-block-image\">\n<figure class=\"alignleft size-medium\"><a href=\"https:\/\/blog.bib.uni-mannheim.de\/Aktuelles\/wp-content\/uploads\/2022\/12\/Weihnachtsschliessung2022_Blog.jpg\"><img loading=\"lazy\" decoding=\"async\" width=\"300\" height=\"200\" src=\"https:\/\/blog.bib.uni-mannheim.de\/Aktuelles\/wp-content\/uploads\/2022\/12\/Weihnachtsschliessung2022_Blog-300x200.jpg\" alt=\"\" class=\"wp-image-25074\" srcset=\"https:\/\/blog.bib.uni-mannheim.de\/Aktuelles\/wp-content\/uploads\/2022\/12\/Weihnachtsschliessung2022_Blog-300x200.jpg 300w, https:\/\/blog.bib.uni-mannheim.de\/Aktuelles\/wp-content\/uploads\/2022\/12\/Weihnachtsschliessung2022_Blog-1024x683.jpg 1024w, https:\/\/blog.bib.uni-mannheim.de\/Aktuelles\/wp-content\/uploads\/2022\/12\/Weihnachtsschliessung2022_Blog-768x512.jpg 768w, https:\/\/blog.bib.uni-mannheim.de\/Aktuelles\/wp-content\/uploads\/2022\/12\/Weihnachtsschliessung2022_Blog.jpg 1200w\" sizes=\"auto, (max-width: 300px) 100vw, 300px\" \/><\/a><\/figure>\n<\/div>\n\n\n<p><strong>Die Universit\u00e4tsbibliothek ist vom 24. Dezember 2022 bis einschlie\u00dflich 1. Januar 2023 geschlossen.<\/strong><\/p>\n\n\n\n<p>Bis sp\u00e4testens <strong>18 Uhr am 23. Dezember<\/strong>&nbsp;k\u00f6nnen Sie bestellte und vorgemerkte Medien im Ausleihzentrum abholen sowie entliehene B\u00fccher \u00fcber die R\u00fcckgabeanlage zur\u00fcckgeben.<\/p>\n\n\n\n<p>Studierenden der Universit\u00e4t Mannheim bieten wir eine <strong>Sonderausleihe <\/strong>\u00fcber Weihnachten und den Jahreswechsel an:\u202fSie k\u00f6nnen ab dem 19. Dezember bis einschlie\u00dflich 23. Dezember \u2013 jeweils zwischen 8 und 18 Uhr \u2013 <strong>bis zu 5 Medien aus den Pr\u00e4senzbest\u00e4nden der Bibliotheksbereiche ausleihen<\/strong> und diese am <strong>2. Januar bis 12 Uhr zur\u00fcckgeben<\/strong>.<\/p>\n\n\n\n<p>W\u00e4hrend der Schlie\u00dfzeit eingehende Scanauftr\u00e4ge werden im Januar bearbeitet. &nbsp;&nbsp;<\/p>\n\n\n\n<p>Ab dem 2. Januar 2023 ist die Universit\u00e4tsbibliothek wieder zu den gewohnten Zeiten ge\u00f6ffnet.<\/p>\n\n\n\n<p>Wir w\u00fcnschen Ihnen eine sch\u00f6ne Vorweihnachtszeit!<\/p>\n\n\n\n<div style=\"height:20px\" aria-hidden=\"true\" class=\"wp-block-spacer\"><\/div>\n\n\n\n<p class=\"englisch\" style=\"font-size:18px\">Closure and special loan over the turn of the year<\/p>\n\n\n\n<p class=\"englisch\">The University Library will be closed from 24 December 2022 to 1 January 2023, inclusive. Until 6 p.m. on 23 December at the latest, you can pick up reserved and pre-ordered items at the Central Lending Library and return borrowed books via the self-return machine.<\/p>\n\n\n\n<p class=\"englisch\">We offer students of the University of Mannheim a special loan over Christmas and the turn of the year: You may borrow up to 5 items from the subject libraries&#8216; reference collections from 19 December to 23 December \u2013 between 8 a.m. and 6 p.m. each day \u2013 and return them by 12 noon on 2 January.<\/p>\n\n\n\n<p class=\"englisch\">Scan requests placed during the closure period will be processed in January.&nbsp;&nbsp;<\/p>\n\n\n\n<p class=\"englisch\">As of 2 January 2023, the University Library will be open again at the usual opening hours.<\/p>\n\n\n\n<p class=\"englisch\">We wish you a wonderful pre-Christmas season!<\/p>\n\n\n\n<p class=\"fotocredit\">Foto: Frank Kleinbach<\/p>\n","protected":false},"excerpt":{"rendered":"<p>Die Universit\u00e4tsbibliothek ist vom 24. Dezember 2022 bis einschlie\u00dflich 1. Januar 2023 geschlossen. Bis sp\u00e4testens 18 Uhr am 23. Dezember&nbsp;k\u00f6nnen Sie bestellte und vorgemerkte Medien im Ausleihzentrum abholen sowie entliehene B\u00fccher \u00fcber die R\u00fcckgabeanlage zur\u00fcckgeben. Studierenden der Universit\u00e4t Mannheim bieten &hellip; <a href=\"https:\/\/blog.bib.uni-mannheim.de\/Aktuelles\/?p=25056\">Weiterlesen <span class=\"meta-nav\">&rarr;<\/span><\/a><\/p>\n","protected":false},"author":38,"featured_media":0,"comment_status":"open","ping_status":"open","sticky":false,"template":"","format":"standard","meta":{"footnotes":""},"categories":[4,1,9,20,2],"tags":[],"class_list":["post-25056","post","type-post","status-publish","format-standard","hentry","category-aktuelles","category-allgemein","category-aus-den-bereichen","category-oeffnungszeiten","category-services"],"views":2556,"_links":{"self":[{"href":"https:\/\/blog.bib.uni-mannheim.de\/Aktuelles\/index.php?rest_route=\/wp\/v2\/posts\/25056","targetHints":{"allow":["GET"]}}],"collection":[{"href":"https:\/\/blog.bib.uni-mannheim.de\/Aktuelles\/index.php?rest_route=\/wp\/v2\/posts"}],"about":[{"href":"https:\/\/blog.bib.uni-mannheim.de\/Aktuelles\/index.php?rest_route=\/wp\/v2\/types\/post"}],"author":[{"embeddable":true,"href":"https:\/\/blog.bib.uni-mannheim.de\/Aktuelles\/index.php?rest_route=\/wp\/v2\/users\/38"}],"replies":[{"embeddable":true,"href":"https:\/\/blog.bib.uni-mannheim.de\/Aktuelles\/index.php?rest_route=%2Fwp%2Fv2%2Fcomments&post=25056"}],"version-history":[{"count":0,"href":"https:\/\/blog.bib.uni-mannheim.de\/Aktuelles\/index.php?rest_route=\/wp\/v2\/posts\/25056\/revisions"}],"wp:attachment":[{"href":"https:\/\/blog.bib.uni-mannheim.de\/Aktuelles\/index.php?rest_route=%2Fwp%2Fv2%2Fmedia&parent=25056"}],"wp:term":[{"taxonomy":"category","embeddable":true,"href":"https:\/\/blog.bib.uni-mannheim.de\/Aktuelles\/index.php?rest_route=%2Fwp%2Fv2%2Fcategories&post=25056"},{"taxonomy":"post_tag","embeddable":true,"href":"https:\/\/blog.bib.uni-mannheim.de\/Aktuelles\/index.php?rest_route=%2Fwp%2Fv2%2Ftags&post=25056"}],"curies":[{"name":"wp","href":"https:\/\/api.w.org\/{rel}","templated":true}]}}