{"id":25929,"date":"2023-09-15T09:48:44","date_gmt":"2023-09-15T07:48:44","guid":{"rendered":"https:\/\/blog.bib.uni-mannheim.de\/Aktuelles\/?p=25929"},"modified":"2023-09-21T08:11:41","modified_gmt":"2023-09-21T06:11:41","slug":"kein-drucken-und-kopieren-am-dienstag-19-september","status":"publish","type":"post","link":"https:\/\/blog.bib.uni-mannheim.de\/Aktuelles\/?p=25929","title":{"rendered":"Kein Drucken und Kopieren am 19. und 20. September"},"content":{"rendered":"<div class=\"wp-block-image\">\n<figure class=\"alignleft size-medium\"><a href=\"https:\/\/blog.bib.uni-mannheim.de\/Aktuelles\/wp-content\/uploads\/2023\/09\/Drucker_Sebastian-Fricke_Blog_1200x800px.jpg\"><img loading=\"lazy\" decoding=\"async\" width=\"300\" height=\"200\" src=\"https:\/\/blog.bib.uni-mannheim.de\/Aktuelles\/wp-content\/uploads\/2023\/09\/Drucker_Sebastian-Fricke_Blog_1200x800px-300x200.jpg\" alt=\"\" class=\"wp-image-25933\" srcset=\"https:\/\/blog.bib.uni-mannheim.de\/Aktuelles\/wp-content\/uploads\/2023\/09\/Drucker_Sebastian-Fricke_Blog_1200x800px-300x200.jpg 300w, https:\/\/blog.bib.uni-mannheim.de\/Aktuelles\/wp-content\/uploads\/2023\/09\/Drucker_Sebastian-Fricke_Blog_1200x800px-1024x683.jpg 1024w, https:\/\/blog.bib.uni-mannheim.de\/Aktuelles\/wp-content\/uploads\/2023\/09\/Drucker_Sebastian-Fricke_Blog_1200x800px-768x512.jpg 768w, https:\/\/blog.bib.uni-mannheim.de\/Aktuelles\/wp-content\/uploads\/2023\/09\/Drucker_Sebastian-Fricke_Blog_1200x800px.jpg 1200w\" sizes=\"auto, (max-width: 300px) 100vw, 300px\" \/><\/a><\/figure>\n<\/div>\n\n\n<p><strong>Am 19. und 20. September stehen die Drucker und Kopierer <\/strong>in den Bibliotheksbereichen und im Ausleihzentrum<strong> nicht zur Verf\u00fcgung<\/strong>. Die Scanner k\u00f6nnen Sie weiterhin nutzen.<\/p>\n\n\n\n<p>Wir bekommen neue Ger\u00e4te. Zuk\u00fcnftig wird es auch m\u00f6glich sein, in Farbe zu drucken und zu kopieren.<\/p>\n\n\n\n<p>Weitere Infos folgen in K\u00fcrze.<\/p>\n\n\n\n<h2 class=\"wp-block-heading englisch abschnitt\">No Printing and Copying on 19 and 20 September<\/h2>\n\n\n\n<p class=\"englisch\"><strong>On 19 and 20 September<\/strong> <strong>the printers and copiers<\/strong> in the subject libraries and the Central Lending Library <strong>are not available<\/strong>. The scanners can still be used.<\/p>\n\n\n\n<p class=\"englisch\">We get new equipment. Then it is also possible to print and copy in color.<\/p>\n\n\n\n<p class=\"englisch\">More info coming soon.<\/p>\n\n\n\n<p class=\"fotocredit\">Foto: Sebastian Fricke<\/p>\n","protected":false},"excerpt":{"rendered":"<p>Am 19. und 20. September stehen die Drucker und Kopierer in den Bibliotheksbereichen und im Ausleihzentrum nicht zur Verf\u00fcgung. Die Scanner k\u00f6nnen Sie weiterhin nutzen. Wir bekommen neue Ger\u00e4te. Zuk\u00fcnftig wird es auch m\u00f6glich sein, in Farbe zu drucken und &hellip; <a href=\"https:\/\/blog.bib.uni-mannheim.de\/Aktuelles\/?p=25929\">Weiterlesen <span class=\"meta-nav\">&rarr;<\/span><\/a><\/p>\n","protected":false},"author":38,"featured_media":0,"comment_status":"open","ping_status":"open","sticky":false,"template":"","format":"standard","meta":{"footnotes":""},"categories":[1,9,2],"tags":[],"class_list":["post-25929","post","type-post","status-publish","format-standard","hentry","category-allgemein","category-aus-den-bereichen","category-services"],"views":1019,"_links":{"self":[{"href":"https:\/\/blog.bib.uni-mannheim.de\/Aktuelles\/index.php?rest_route=\/wp\/v2\/posts\/25929","targetHints":{"allow":["GET"]}}],"collection":[{"href":"https:\/\/blog.bib.uni-mannheim.de\/Aktuelles\/index.php?rest_route=\/wp\/v2\/posts"}],"about":[{"href":"https:\/\/blog.bib.uni-mannheim.de\/Aktuelles\/index.php?rest_route=\/wp\/v2\/types\/post"}],"author":[{"embeddable":true,"href":"https:\/\/blog.bib.uni-mannheim.de\/Aktuelles\/index.php?rest_route=\/wp\/v2\/users\/38"}],"replies":[{"embeddable":true,"href":"https:\/\/blog.bib.uni-mannheim.de\/Aktuelles\/index.php?rest_route=%2Fwp%2Fv2%2Fcomments&post=25929"}],"version-history":[{"count":0,"href":"https:\/\/blog.bib.uni-mannheim.de\/Aktuelles\/index.php?rest_route=\/wp\/v2\/posts\/25929\/revisions"}],"wp:attachment":[{"href":"https:\/\/blog.bib.uni-mannheim.de\/Aktuelles\/index.php?rest_route=%2Fwp%2Fv2%2Fmedia&parent=25929"}],"wp:term":[{"taxonomy":"category","embeddable":true,"href":"https:\/\/blog.bib.uni-mannheim.de\/Aktuelles\/index.php?rest_route=%2Fwp%2Fv2%2Fcategories&post=25929"},{"taxonomy":"post_tag","embeddable":true,"href":"https:\/\/blog.bib.uni-mannheim.de\/Aktuelles\/index.php?rest_route=%2Fwp%2Fv2%2Ftags&post=25929"}],"curies":[{"name":"wp","href":"https:\/\/api.w.org\/{rel}","templated":true}]}}