{"id":26528,"date":"2024-02-06T10:26:07","date_gmt":"2024-02-06T09:26:07","guid":{"rendered":"https:\/\/blog.bib.uni-mannheim.de\/Aktuelles\/?p=26528"},"modified":"2024-04-05T09:47:51","modified_gmt":"2024-04-05T07:47:51","slug":"ub-mannheim-fuer-demokratie-und-rechtsstaat","status":"publish","type":"post","link":"https:\/\/blog.bib.uni-mannheim.de\/Aktuelles\/?p=26528","title":{"rendered":"UB Mannheim: F\u00fcr Demokratie und Rechtsstaat"},"content":{"rendered":"<div class=\"wp-block-image\">\n<figure class=\"alignleft size-large is-resized\"><a href=\"https:\/\/blog.bib.uni-mannheim.de\/Aktuelles\/wp-content\/uploads\/2024\/01\/A4A4848.jpg\"><img loading=\"lazy\" decoding=\"async\" width=\"1024\" height=\"682\" src=\"https:\/\/blog.bib.uni-mannheim.de\/Aktuelles\/wp-content\/uploads\/2024\/01\/A4A4848-1024x682.jpg\" alt=\"\" class=\"wp-image-26529\" style=\"object-fit:cover;width:300px;height:200px\" srcset=\"https:\/\/blog.bib.uni-mannheim.de\/Aktuelles\/wp-content\/uploads\/2024\/01\/A4A4848-1024x682.jpg 1024w, https:\/\/blog.bib.uni-mannheim.de\/Aktuelles\/wp-content\/uploads\/2024\/01\/A4A4848-300x200.jpg 300w, https:\/\/blog.bib.uni-mannheim.de\/Aktuelles\/wp-content\/uploads\/2024\/01\/A4A4848-768x512.jpg 768w, https:\/\/blog.bib.uni-mannheim.de\/Aktuelles\/wp-content\/uploads\/2024\/01\/A4A4848-1536x1024.jpg 1536w, https:\/\/blog.bib.uni-mannheim.de\/Aktuelles\/wp-content\/uploads\/2024\/01\/A4A4848.jpg 2000w\" sizes=\"auto, (max-width: 1024px) 100vw, 1024px\" \/><\/a><\/figure>\n<\/div>\n\n\n<p>Als \u00f6ffentliche Einrichtung ist die Universit\u00e4tsbibliothek Mannheim zu politischer Neutralit\u00e4t verpflichtet \u2013 aber keineswegs gleichg\u00fcltig gegen\u00fcber politischen Entwicklungen. Deshalb schlie\u00dfen wir uns dem <a href=\"https:\/\/www.uni-mannheim.de\/news\/universitaet-mannheim-fuer-demokratie-und-rechtsstaat\/\"><strong>Statement<\/strong><\/a> der Universit\u00e4t Mannheim vom 25. Januar 2024 an.<\/p>\n\n\n\n<p>Die Universit\u00e4tsbibliothek Mannheim ist ein Ort, an dem <strong>Vielfalt<\/strong> gelebt wird. Jeder Mensch, unabh\u00e4ngig von Herkunft, Religion, Identit\u00e4t, sexueller Orientierung oder Alter, ist in unserer Bibliothek willkommen. Diese Vielfalt wollen wir auch in Zukunft f\u00f6rdern und weiterhin R\u00e4ume f\u00fcr einen respektvollen Dialog und ein vielf\u00e4ltiges Miteinander schaffen und bewahren. Als wissenschaftliche Bibliothek setzen wir uns zudem f\u00fcr einen freien und offenen Zugang zu Informationen und Wissen ein und lehnen jegliche Art von Extremismus und Desinformation ab. Die zunehmende Radikalisierung unserer Gesellschaft gef\u00e4hrdet auch die Grundlage unseres Wissenschafts\u00adsystems. Wir sind besorgt \u00fcber die extremistischen Entwicklungen in Teilen unserer Gesellschaft und unterst\u00fctzen b\u00fcrgerschaft\u00adliches Engagement f\u00fcr unsere Demokratie, wie es derzeit in zahlreichen Demonstrationen in ganz Deutschland zum Ausdruck kommt.<\/p>\n\n\n\n<p>&#8212;<\/p>\n\n\n\n<p class=\"englisch\">As a public institution, Mannheim University Library is committed to political neutrality \u2013 but is by no means uncaring to political developments. We therefore endorse the <a href=\"https:\/\/www.uni-mannheim.de\/en\/news\/standing-up-for-democracy-and-the-rule-of-law\/\"><strong>statement<\/strong><\/a> issued by the University of Mannheim on 25 January 2024.<\/p>\n\n\n\n<p class=\"englisch\">Mannheim University Library is a place where <strong>diversity<\/strong> is embraced. Everyone is welcome in our library, regardless of origin, religion, identity, sexual orientation or age. We want to continue to promote this diversity in the future and continue to create and maintain spaces for respectful dialogue and diverse interaction. As an academic library, we are also committed to free and open access to information and knowledge and reject all forms of extremism and disinformation. The increasing radicalisation of our society also threatens the basis of our academic system. We are concerned about the extremist developments in parts of our society and support civic engagement for our democracy, as is currently being expressed in numerous demonstrations throughout Germany.<\/p>\n\n\n\n<p class=\"fotocredit\">Foto: Oana Szekely<\/p>\n","protected":false},"excerpt":{"rendered":"<p>Als \u00f6ffentliche Einrichtung ist die Universit\u00e4tsbibliothek Mannheim zu politischer Neutralit\u00e4t verpflichtet \u2013 aber keineswegs gleichg\u00fcltig gegen\u00fcber politischen Entwicklungen. Deshalb schlie\u00dfen wir uns dem Statement der Universit\u00e4t Mannheim vom 25. Januar 2024 an. Die Universit\u00e4tsbibliothek Mannheim ist ein Ort, an dem &hellip; <a href=\"https:\/\/blog.bib.uni-mannheim.de\/Aktuelles\/?p=26528\">Weiterlesen <span class=\"meta-nav\">&rarr;<\/span><\/a><\/p>\n","protected":false},"author":42,"featured_media":0,"comment_status":"open","ping_status":"open","sticky":false,"template":"","format":"standard","meta":{"footnotes":""},"categories":[4,1],"tags":[],"class_list":["post-26528","post","type-post","status-publish","format-standard","hentry","category-aktuelles","category-allgemein"],"views":1165,"_links":{"self":[{"href":"https:\/\/blog.bib.uni-mannheim.de\/Aktuelles\/index.php?rest_route=\/wp\/v2\/posts\/26528","targetHints":{"allow":["GET"]}}],"collection":[{"href":"https:\/\/blog.bib.uni-mannheim.de\/Aktuelles\/index.php?rest_route=\/wp\/v2\/posts"}],"about":[{"href":"https:\/\/blog.bib.uni-mannheim.de\/Aktuelles\/index.php?rest_route=\/wp\/v2\/types\/post"}],"author":[{"embeddable":true,"href":"https:\/\/blog.bib.uni-mannheim.de\/Aktuelles\/index.php?rest_route=\/wp\/v2\/users\/42"}],"replies":[{"embeddable":true,"href":"https:\/\/blog.bib.uni-mannheim.de\/Aktuelles\/index.php?rest_route=%2Fwp%2Fv2%2Fcomments&post=26528"}],"version-history":[{"count":0,"href":"https:\/\/blog.bib.uni-mannheim.de\/Aktuelles\/index.php?rest_route=\/wp\/v2\/posts\/26528\/revisions"}],"wp:attachment":[{"href":"https:\/\/blog.bib.uni-mannheim.de\/Aktuelles\/index.php?rest_route=%2Fwp%2Fv2%2Fmedia&parent=26528"}],"wp:term":[{"taxonomy":"category","embeddable":true,"href":"https:\/\/blog.bib.uni-mannheim.de\/Aktuelles\/index.php?rest_route=%2Fwp%2Fv2%2Fcategories&post=26528"},{"taxonomy":"post_tag","embeddable":true,"href":"https:\/\/blog.bib.uni-mannheim.de\/Aktuelles\/index.php?rest_route=%2Fwp%2Fv2%2Ftags&post=26528"}],"curies":[{"name":"wp","href":"https:\/\/api.w.org\/{rel}","templated":true}]}}