{"id":26823,"date":"2024-04-17T08:40:01","date_gmt":"2024-04-17T06:40:01","guid":{"rendered":"https:\/\/blog.bib.uni-mannheim.de\/Aktuelles\/?p=26823"},"modified":"2024-09-09T12:44:22","modified_gmt":"2024-09-09T10:44:22","slug":"erweiterte-oeffnungszeiten-waehrend-der-pruefungsphase-3","status":"publish","type":"post","link":"https:\/\/blog.bib.uni-mannheim.de\/Aktuelles\/?p=26823","title":{"rendered":"Erweiterte \u00d6ffnungszeiten w\u00e4hrend der Pr\u00fcfungsphase"},"content":{"rendered":"<div class=\"wp-block-image\">\n<figure class=\"alignleft size-medium\"><a href=\"https:\/\/blog.bib.uni-mannheim.de\/Aktuelles\/wp-content\/uploads\/2024\/04\/2023-07-15_SP_UniMA_UB_HiRes_026_15961-scaled.jpg\"><img loading=\"lazy\" decoding=\"async\" width=\"300\" height=\"200\" src=\"https:\/\/blog.bib.uni-mannheim.de\/Aktuelles\/wp-content\/uploads\/2024\/04\/2023-07-15_SP_UniMA_UB_HiRes_026_15961-300x200.jpg\" alt=\"\" class=\"wp-image-26831\" srcset=\"https:\/\/blog.bib.uni-mannheim.de\/Aktuelles\/wp-content\/uploads\/2024\/04\/2023-07-15_SP_UniMA_UB_HiRes_026_15961-300x200.jpg 300w, https:\/\/blog.bib.uni-mannheim.de\/Aktuelles\/wp-content\/uploads\/2024\/04\/2023-07-15_SP_UniMA_UB_HiRes_026_15961-1024x683.jpg 1024w, https:\/\/blog.bib.uni-mannheim.de\/Aktuelles\/wp-content\/uploads\/2024\/04\/2023-07-15_SP_UniMA_UB_HiRes_026_15961-768x512.jpg 768w, https:\/\/blog.bib.uni-mannheim.de\/Aktuelles\/wp-content\/uploads\/2024\/04\/2023-07-15_SP_UniMA_UB_HiRes_026_15961-1536x1024.jpg 1536w, https:\/\/blog.bib.uni-mannheim.de\/Aktuelles\/wp-content\/uploads\/2024\/04\/2023-07-15_SP_UniMA_UB_HiRes_026_15961-2048x1365.jpg 2048w\" sizes=\"auto, (max-width: 300px) 100vw, 300px\" \/><\/a><\/figure>\n<\/div>\n\n\n<p>In der Pr\u00fcfungszeit vom <strong>6. Mai bis 16. Juni<\/strong> sind die Bibliotheksbereiche A3, A5, Schloss Ehrenhof und Schloss Schneckenhof <strong>t\u00e4glich von 8 bis 24 Uhr ge\u00f6ffnet, auch an Wochenenden und Feiertagen<\/strong>.<\/p>\n\n\n\n<p>Das Ausleihzentrum ist wie gewohnt montags bis freitags von 8 bis 18 Uhr zug\u00e4nglich und im InfoCenter sind wir montags bis freitags von 9 bis 16 Uhr f\u00fcr Sie da.<\/p>\n\n\n\n<p>Eine \u00dcbersicht der \u00d6ffnungszeiten der UB finden Sie auf unserer <a href=\"https:\/\/www.bib.uni-mannheim.de\/oeffnungszeiten\/\">Website<\/a>.<\/p>\n\n\n\n<h2 class=\"wp-block-heading englisch\">Extended opening hours during the examination period<\/h2>\n\n\n\n<p class=\"englisch\">During the examination period from <strong>6 May to 16 June<\/strong>, the subject libraries A3, A5, Schloss Ehrenhof and Schloss Schneckenhof are <strong>open daily from 8 a.m. to midnight, including weekends and holidays<\/strong>.<\/p>\n\n\n\n<p class=\"englisch\">The Central Lending Library is accessible Mondays to Fridays from 8 a.m. to 6 p.m. and in the InfoCenter we are available Mondays to Fridays from 9 a.m. to 4 p.m.<\/p>\n\n\n\n<p class=\"englisch\">For an overview of the University Libary\u2019s opening hours, please visit our <a href=\"https:\/\/www.bib.uni-mannheim.de\/en\/opening-hours\/\">website<\/a>.<\/p>\n\n\n\n<p class=\"fotocredit\"><br \/>Foto: Schreiber P\u00f6tter<\/p>\n","protected":false},"excerpt":{"rendered":"<p>In der Pr\u00fcfungszeit vom 6. Mai bis 16. Juni sind die Bibliotheksbereiche A3, A5, Schloss Ehrenhof und Schloss Schneckenhof t\u00e4glich von 8 bis 24 Uhr ge\u00f6ffnet, auch an Wochenenden und Feiertagen. Das Ausleihzentrum ist wie gewohnt montags bis freitags von &hellip; <a href=\"https:\/\/blog.bib.uni-mannheim.de\/Aktuelles\/?p=26823\">Weiterlesen <span class=\"meta-nav\">&rarr;<\/span><\/a><\/p>\n","protected":false},"author":38,"featured_media":0,"comment_status":"open","ping_status":"open","sticky":false,"template":"","format":"standard","meta":{"footnotes":""},"categories":[4,1,9,20],"tags":[],"class_list":["post-26823","post","type-post","status-publish","format-standard","hentry","category-aktuelles","category-allgemein","category-aus-den-bereichen","category-oeffnungszeiten"],"views":3122,"_links":{"self":[{"href":"https:\/\/blog.bib.uni-mannheim.de\/Aktuelles\/index.php?rest_route=\/wp\/v2\/posts\/26823","targetHints":{"allow":["GET"]}}],"collection":[{"href":"https:\/\/blog.bib.uni-mannheim.de\/Aktuelles\/index.php?rest_route=\/wp\/v2\/posts"}],"about":[{"href":"https:\/\/blog.bib.uni-mannheim.de\/Aktuelles\/index.php?rest_route=\/wp\/v2\/types\/post"}],"author":[{"embeddable":true,"href":"https:\/\/blog.bib.uni-mannheim.de\/Aktuelles\/index.php?rest_route=\/wp\/v2\/users\/38"}],"replies":[{"embeddable":true,"href":"https:\/\/blog.bib.uni-mannheim.de\/Aktuelles\/index.php?rest_route=%2Fwp%2Fv2%2Fcomments&post=26823"}],"version-history":[{"count":0,"href":"https:\/\/blog.bib.uni-mannheim.de\/Aktuelles\/index.php?rest_route=\/wp\/v2\/posts\/26823\/revisions"}],"wp:attachment":[{"href":"https:\/\/blog.bib.uni-mannheim.de\/Aktuelles\/index.php?rest_route=%2Fwp%2Fv2%2Fmedia&parent=26823"}],"wp:term":[{"taxonomy":"category","embeddable":true,"href":"https:\/\/blog.bib.uni-mannheim.de\/Aktuelles\/index.php?rest_route=%2Fwp%2Fv2%2Fcategories&post=26823"},{"taxonomy":"post_tag","embeddable":true,"href":"https:\/\/blog.bib.uni-mannheim.de\/Aktuelles\/index.php?rest_route=%2Fwp%2Fv2%2Ftags&post=26823"}],"curies":[{"name":"wp","href":"https:\/\/api.w.org\/{rel}","templated":true}]}}