{"id":27118,"date":"2024-08-09T20:33:01","date_gmt":"2024-08-09T18:33:01","guid":{"rendered":"https:\/\/blog.bib.uni-mannheim.de\/Aktuelles\/?p=27118"},"modified":"2024-09-05T11:14:00","modified_gmt":"2024-09-05T09:14:00","slug":"reminder-bibliotheksbereich-a3-geschlossen","status":"publish","type":"post","link":"https:\/\/blog.bib.uni-mannheim.de\/Aktuelles\/?p=27118","title":{"rendered":"Reminder: Bibliotheksbereich A3 geschlossen"},"content":{"rendered":"<div class=\"wp-block-image\">\n<figure class=\"alignleft size-large is-resized\"><a href=\"https:\/\/blog.bib.uni-mannheim.de\/Aktuelles\/wp-content\/uploads\/2024\/07\/2023-07-15_SP_UniMA_UB_HiRes_139_51881.jpg\"><img loading=\"lazy\" decoding=\"async\" width=\"1024\" height=\"682\" src=\"https:\/\/blog.bib.uni-mannheim.de\/Aktuelles\/wp-content\/uploads\/2024\/07\/2023-07-15_SP_UniMA_UB_HiRes_139_51881-1024x682.jpg\" alt=\"\" class=\"wp-image-27100\" style=\"object-fit:cover;width:300px;height:200px\" srcset=\"https:\/\/blog.bib.uni-mannheim.de\/Aktuelles\/wp-content\/uploads\/2024\/07\/2023-07-15_SP_UniMA_UB_HiRes_139_51881-1024x682.jpg 1024w, https:\/\/blog.bib.uni-mannheim.de\/Aktuelles\/wp-content\/uploads\/2024\/07\/2023-07-15_SP_UniMA_UB_HiRes_139_51881-300x200.jpg 300w, https:\/\/blog.bib.uni-mannheim.de\/Aktuelles\/wp-content\/uploads\/2024\/07\/2023-07-15_SP_UniMA_UB_HiRes_139_51881-768x512.jpg 768w, https:\/\/blog.bib.uni-mannheim.de\/Aktuelles\/wp-content\/uploads\/2024\/07\/2023-07-15_SP_UniMA_UB_HiRes_139_51881-1536x1024.jpg 1536w, https:\/\/blog.bib.uni-mannheim.de\/Aktuelles\/wp-content\/uploads\/2024\/07\/2023-07-15_SP_UniMA_UB_HiRes_139_51881.jpg 2000w\" sizes=\"auto, (max-width: 1024px) 100vw, 1024px\" \/><\/a><\/figure>\n<\/div>\n\n\n<p>Der Bibliotheksbereich <strong>A3<\/strong> ist vom <strong>12.08.<\/strong> bis einschlie\u00dflich <strong>01.09.2024<\/strong> geschlossen. Alle anderen Bibliotheksbereiche sind regul\u00e4r ge\u00f6ffnet.<\/p>\n\n\n\n<p>Wenn Sie w\u00e4hrend der Schlie\u00dfzeit <strong>Medien aus dem Bibliotheksbereich A3<\/strong> ben\u00f6tigen, k\u00f6nnen Sie diese \u00fcber den Katalog Primo in A3 bestellen. Die Medien werden f\u00fcr Sie in den <strong>Bibliotheksbereich A5<\/strong> transportiert.<\/p>\n\n\n\n<ul class=\"wp-block-list\">\n<li>Melden Sie sich im Katalog Primo an und suchen Sie das gew\u00fcnschte Medium.<\/li>\n\n\n\n<li>Bestellen Sie das Medium, indem Sie in der Detailansicht des Titels die Option \u201eBestellung\/Vormerkung\u201c nutzen.<\/li>\n\n\n\n<li>So bestellte Medien werden in den Bibliotheksbereich A5 transportiert, wo sie bis zum Ende der Schlie\u00dfzeit als Pr\u00e4senzbestand verbleiben und nutzbar sind. Wir informieren Sie per E-Mail, wann Ihre Bestellung im Bibliotheksbereich A5 eingetroffen ist.<\/li>\n\n\n\n<li>Tempor\u00e4r ausgelagerte Medien aus dem Bibliotheksbereich A3 finden Sie im Erdgeschoss des Bibliotheksbereichs A5 neben den Semesterapparaten, im Katalog Primo wird der tempor\u00e4re Standort im Bibliotheksbereich A5 angezeigt.<\/li>\n<\/ul>\n\n\n\n<p>Auch w\u00e4hrend der Schlie\u00dfzeit sind f\u00fcr Studierende und Mitarbeitende der Universit\u00e4t <a href=\"https:\/\/www.bib.uni-mannheim.de\/lehren-und-forschen\/literaturversorgung\/scanservice\/\"><strong>Scanauftr\u00e4ge<\/strong><\/a> auf Bestand des Bibliotheksbereichs A3 m\u00f6glich. Tageszeitungen werden w\u00e4hrend der Schlie\u00dfzeit im Bibliotheksbereich A5 f\u00fcr sie bereitgestellt.<\/p>\n\n\n\n<p>Bei Fragen rund um die Literaturnutzung w\u00e4hrend der Schlie\u00dfung, steht Ihnen das <strong><a href=\"https:\/\/www.bib.uni-mannheim.de\/standorte\/bb-a3\/\">Team des Bibliotheksbereichs A3<\/a><\/strong> gerne zur Verf\u00fcgung.<\/p>\n\n\n\n<p>__<\/p>\n\n\n\n<p class=\"englisch\"><strong>Reminder: Closing of the subject library A3<\/strong><\/p>\n\n\n\n<p class=\"englisch\">The subject library <strong>A3<\/strong> is closed from <strong>12 August<\/strong> to <strong>1 September 2024<\/strong> inclusively. All other subject libraries areas are open as normal.<\/p>\n\n\n\n<p class=\"englisch\">If you need <strong>media from the subject library A3<\/strong> during the closure period, you can order them via the Primo catalogue. The media will be made available for you in<strong> subject library A5<\/strong>.<\/p>\n\n\n\n<ul class=\"wp-block-list\">\n<li class=\"englisch\">Log in to the Primo catalogue and search for the required item.<\/li>\n\n\n\n<li class=\"englisch\">Order the item by using the &#8222;Order\/Request&#8220; option in the detailed view of the title.<\/li>\n\n\n\n<li class=\"englisch\">Items ordered in this way will be transported to the A5 subject library, where they will remain for onsite usage until the end of the closing period. We will inform you by e-mail when your order has arrived in subject library A5.<\/li>\n\n\n\n<li class=\"englisch\">Temporarily removed media from the subject library A3 can be found on the ground floor of the subject library A5 next to the semester apparatus; the temporary location in the subject library A5 is displayed in the Primo catalogue.<\/li>\n<\/ul>\n\n\n\n<p class=\"englisch\">Students and employees of the university can also <a href=\"https:\/\/www.bib.uni-mannheim.de\/lehren-und-forschen\/literaturversorgung\/scanservice\/\"><strong>request scans<\/strong><\/a> of the holdings in the subject library A3 during the closure period. Daily newspapers will be made available for you in the subject library A5 during the closing time.<\/p>\n\n\n\n<p class=\"englisch\">If you have any questions regarding the use of literature during the closure, the <strong><a href=\"https:\/\/www.bib.uni-mannheim.de\/en\/locations\/a3-library\/\">team of the subject library A3<\/a><\/strong> will be happy to help you.<\/p>\n\n\n\n<p class=\"fotocredit\">Foto: SchreiberP\u00f6tter<\/p>\n\n\n\n<p><\/p>\n","protected":false},"excerpt":{"rendered":"<p>Der Bibliotheksbereich A3 ist vom 12.08. bis einschlie\u00dflich 01.09.2024 geschlossen. Alle anderen Bibliotheksbereiche sind regul\u00e4r ge\u00f6ffnet. Wenn Sie w\u00e4hrend der Schlie\u00dfzeit Medien aus dem Bibliotheksbereich A3 ben\u00f6tigen, k\u00f6nnen Sie diese \u00fcber den Katalog Primo in A3 bestellen. Die Medien werden &hellip; <a href=\"https:\/\/blog.bib.uni-mannheim.de\/Aktuelles\/?p=27118\">Weiterlesen <span class=\"meta-nav\">&rarr;<\/span><\/a><\/p>\n","protected":false},"author":42,"featured_media":0,"comment_status":"open","ping_status":"open","sticky":false,"template":"","format":"standard","meta":{"footnotes":""},"categories":[4,9,20],"tags":[],"class_list":["post-27118","post","type-post","status-publish","format-standard","hentry","category-aktuelles","category-aus-den-bereichen","category-oeffnungszeiten"],"views":1551,"_links":{"self":[{"href":"https:\/\/blog.bib.uni-mannheim.de\/Aktuelles\/index.php?rest_route=\/wp\/v2\/posts\/27118","targetHints":{"allow":["GET"]}}],"collection":[{"href":"https:\/\/blog.bib.uni-mannheim.de\/Aktuelles\/index.php?rest_route=\/wp\/v2\/posts"}],"about":[{"href":"https:\/\/blog.bib.uni-mannheim.de\/Aktuelles\/index.php?rest_route=\/wp\/v2\/types\/post"}],"author":[{"embeddable":true,"href":"https:\/\/blog.bib.uni-mannheim.de\/Aktuelles\/index.php?rest_route=\/wp\/v2\/users\/42"}],"replies":[{"embeddable":true,"href":"https:\/\/blog.bib.uni-mannheim.de\/Aktuelles\/index.php?rest_route=%2Fwp%2Fv2%2Fcomments&post=27118"}],"version-history":[{"count":0,"href":"https:\/\/blog.bib.uni-mannheim.de\/Aktuelles\/index.php?rest_route=\/wp\/v2\/posts\/27118\/revisions"}],"wp:attachment":[{"href":"https:\/\/blog.bib.uni-mannheim.de\/Aktuelles\/index.php?rest_route=%2Fwp%2Fv2%2Fmedia&parent=27118"}],"wp:term":[{"taxonomy":"category","embeddable":true,"href":"https:\/\/blog.bib.uni-mannheim.de\/Aktuelles\/index.php?rest_route=%2Fwp%2Fv2%2Fcategories&post=27118"},{"taxonomy":"post_tag","embeddable":true,"href":"https:\/\/blog.bib.uni-mannheim.de\/Aktuelles\/index.php?rest_route=%2Fwp%2Fv2%2Ftags&post=27118"}],"curies":[{"name":"wp","href":"https:\/\/api.w.org\/{rel}","templated":true}]}}