{"id":27133,"date":"2024-08-12T12:54:06","date_gmt":"2024-08-12T10:54:06","guid":{"rendered":"https:\/\/blog.bib.uni-mannheim.de\/Aktuelles\/?p=27133"},"modified":"2024-08-12T13:39:40","modified_gmt":"2024-08-12T11:39:40","slug":"it-projektleiterin-m-w-d-gesucht","status":"publish","type":"post","link":"https:\/\/blog.bib.uni-mannheim.de\/Aktuelles\/?p=27133","title":{"rendered":"IT-Projektleiter*in (m\/w\/d) gesucht"},"content":{"rendered":"<div class=\"wp-block-image\">\n<figure class=\"alignleft size-medium\"><a href=\"https:\/\/blog.bib.uni-mannheim.de\/Aktuelles\/wp-content\/uploads\/2023\/03\/DSC_9914Z-1.jpg\"><img loading=\"lazy\" decoding=\"async\" width=\"300\" height=\"200\" src=\"https:\/\/blog.bib.uni-mannheim.de\/Aktuelles\/wp-content\/uploads\/2023\/03\/DSC_9914Z-1-300x200.jpg\" alt=\"\" class=\"wp-image-25383\" srcset=\"https:\/\/blog.bib.uni-mannheim.de\/Aktuelles\/wp-content\/uploads\/2023\/03\/DSC_9914Z-1-300x200.jpg 300w, https:\/\/blog.bib.uni-mannheim.de\/Aktuelles\/wp-content\/uploads\/2023\/03\/DSC_9914Z-1-1024x683.jpg 1024w, https:\/\/blog.bib.uni-mannheim.de\/Aktuelles\/wp-content\/uploads\/2023\/03\/DSC_9914Z-1-768x512.jpg 768w, https:\/\/blog.bib.uni-mannheim.de\/Aktuelles\/wp-content\/uploads\/2023\/03\/DSC_9914Z-1.jpg 1292w\" sizes=\"auto, (max-width: 300px) 100vw, 300px\" \/><\/a><\/figure>\n<\/div>\n\n\n<p>An der Universit\u00e4ts\u00adbibliothek Mannheim ist zum n\u00e4chstm\u00f6glichen Zeitpunkt eine <strong>Teilzeitstelle als IT-Projektleiter*in (m\/w\/d) (E 13 TV-L BW)<\/strong> zu besetzen.<\/p>\n\n\n\n<p>Die Universit\u00e4tsbibliothek ist die zentrale Informationsinfrastruktureinrichtung der Universit\u00e4t Mannheim. Sie bietet eine breite Palette digitaler Services und engagiert sich bei der Digitalisierung administrativer Prozesse.<\/p>\n\n\n\n<p>Sie unterst\u00fctzen die digitale Transformation, indem Sie IT-Projekte im Bereich Digitale Bibliotheksdienste konzipieren und durchf\u00fchren. Sie behalten Ressourcen und Zeitpl\u00e4ne im Blick und koordinieren Dienstleister, haben aber auch Spa\u00df daran, selbst Softwarel\u00f6sungen umzusetzen.<\/p>\n\n\n\n<p>Weitere Informationen entnehmen Sie bitte der <strong><a href=\"https:\/\/www.bib.uni-mannheim.de\/media\/Einrichtungen\/Universitaetsbibliothek\/Dokumente\/Stellenausschreibungen\/UB_281_E13_DBD_50__befr-1.pdf\/flipbook\" target=\"_blank\" rel=\"noreferrer noopener\">Stellenausschreibung<\/a> <\/strong>(PDF, 694 KB).<\/p>\n\n\n\n<p>Bewerbungs\u00adschluss ist der 4. September 2024.<\/p>\n\n\n\n<p>Die Informationen zur Erhebung von personenbezogenen Daten bei der betroffenen Person nach Artikel 13 DS-GVO k\u00f6nnen der Website der Universit\u00e4t Mannheim entnommen werden: <a href=\"https:\/\/www.uni-mannheim.de\/universitaet\/stellenanzeigen\/datenschutz-bei-bewerbungen\/\" target=\"_blank\" rel=\"noreferrer noopener\">https:\/\/www.uni-mannheim.de\/universitaet\/stellenanzeigen\/datenschutz-bei-bewerbungen\/<\/a>.<\/p>\n\n\n\n<p class=\"fotocredit\">Foto: Anna Logue<\/p>\n","protected":false},"excerpt":{"rendered":"<p>An der Universit\u00e4ts\u00adbibliothek Mannheim ist zum n\u00e4chstm\u00f6glichen Zeitpunkt eine Teilzeitstelle als IT-Projektleiter*in (m\/w\/d) (E 13 TV-L BW) zu besetzen. Die Universit\u00e4tsbibliothek ist die zentrale Informationsinfrastruktureinrichtung der Universit\u00e4t Mannheim. Sie bietet eine breite Palette digitaler Services und engagiert sich bei der &hellip; <a href=\"https:\/\/blog.bib.uni-mannheim.de\/Aktuelles\/?p=27133\">Weiterlesen <span class=\"meta-nav\">&rarr;<\/span><\/a><\/p>\n","protected":false},"author":38,"featured_media":0,"comment_status":"open","ping_status":"open","sticky":false,"template":"","format":"standard","meta":{"footnotes":""},"categories":[4,1,11],"tags":[],"class_list":["post-27133","post","type-post","status-publish","format-standard","hentry","category-aktuelles","category-allgemein","category-stellenangebote"],"views":697,"_links":{"self":[{"href":"https:\/\/blog.bib.uni-mannheim.de\/Aktuelles\/index.php?rest_route=\/wp\/v2\/posts\/27133","targetHints":{"allow":["GET"]}}],"collection":[{"href":"https:\/\/blog.bib.uni-mannheim.de\/Aktuelles\/index.php?rest_route=\/wp\/v2\/posts"}],"about":[{"href":"https:\/\/blog.bib.uni-mannheim.de\/Aktuelles\/index.php?rest_route=\/wp\/v2\/types\/post"}],"author":[{"embeddable":true,"href":"https:\/\/blog.bib.uni-mannheim.de\/Aktuelles\/index.php?rest_route=\/wp\/v2\/users\/38"}],"replies":[{"embeddable":true,"href":"https:\/\/blog.bib.uni-mannheim.de\/Aktuelles\/index.php?rest_route=%2Fwp%2Fv2%2Fcomments&post=27133"}],"version-history":[{"count":0,"href":"https:\/\/blog.bib.uni-mannheim.de\/Aktuelles\/index.php?rest_route=\/wp\/v2\/posts\/27133\/revisions"}],"wp:attachment":[{"href":"https:\/\/blog.bib.uni-mannheim.de\/Aktuelles\/index.php?rest_route=%2Fwp%2Fv2%2Fmedia&parent=27133"}],"wp:term":[{"taxonomy":"category","embeddable":true,"href":"https:\/\/blog.bib.uni-mannheim.de\/Aktuelles\/index.php?rest_route=%2Fwp%2Fv2%2Fcategories&post=27133"},{"taxonomy":"post_tag","embeddable":true,"href":"https:\/\/blog.bib.uni-mannheim.de\/Aktuelles\/index.php?rest_route=%2Fwp%2Fv2%2Ftags&post=27133"}],"curies":[{"name":"wp","href":"https:\/\/api.w.org\/{rel}","templated":true}]}}