{"id":27369,"date":"2024-09-16T08:26:22","date_gmt":"2024-09-16T06:26:22","guid":{"rendered":"https:\/\/blog.bib.uni-mannheim.de\/Aktuelles\/?p=27369"},"modified":"2024-09-26T17:58:12","modified_gmt":"2024-09-26T15:58:12","slug":"update-bibliotheksbereich-a3-geoeffnet-fortwaehrende-bauarbeiten","status":"publish","type":"post","link":"https:\/\/blog.bib.uni-mannheim.de\/Aktuelles\/?p=27369","title":{"rendered":"Bibliotheksbereich A3 ge\u00f6ffnet \u2013 Sanierung dauert an"},"content":{"rendered":"<div class=\"wp-block-image\">\n<figure class=\"alignleft size-medium\"><a href=\"https:\/\/blog.bib.uni-mannheim.de\/Aktuelles\/wp-content\/uploads\/2024\/03\/Baustelle_A3_Blog_1200x800px.jpg\"><img loading=\"lazy\" decoding=\"async\" width=\"300\" height=\"200\" src=\"https:\/\/blog.bib.uni-mannheim.de\/Aktuelles\/wp-content\/uploads\/2024\/03\/Baustelle_A3_Blog_1200x800px-300x200.jpg\" alt=\"\" class=\"wp-image-26766\" srcset=\"https:\/\/blog.bib.uni-mannheim.de\/Aktuelles\/wp-content\/uploads\/2024\/03\/Baustelle_A3_Blog_1200x800px-300x200.jpg 300w, https:\/\/blog.bib.uni-mannheim.de\/Aktuelles\/wp-content\/uploads\/2024\/03\/Baustelle_A3_Blog_1200x800px-1024x683.jpg 1024w, https:\/\/blog.bib.uni-mannheim.de\/Aktuelles\/wp-content\/uploads\/2024\/03\/Baustelle_A3_Blog_1200x800px-768x512.jpg 768w, https:\/\/blog.bib.uni-mannheim.de\/Aktuelles\/wp-content\/uploads\/2024\/03\/Baustelle_A3_Blog_1200x800px.jpg 1200w\" sizes=\"auto, (max-width: 300px) 100vw, 300px\" \/><\/a><\/figure>\n<\/div>\n\n\n<p><strong>Ab Montag, 16. September<\/strong>, ist der Bibliotheksbereich A3 wieder<strong> ge\u00f6ffnet.<\/strong> <\/p>\n\n\n\n<p>Die Sanierung des Geb\u00e4udes A3 wird noch bis ins Jahr 2025 andauern. Durch die fortw\u00e4hrenden Bauarbeiten kommt es weiterhin zu Einschr\u00e4nkungen bei der Bibliotheksnutzung. <\/p>\n\n\n\n<p>Aktuell stehen die <strong>Arbeitspl\u00e4tze<\/strong> im <strong>3. OG<\/strong> und im<strong> 1. OG sowie die Gruppenarbeitsr\u00e4ume<\/strong> zur Verf\u00fcgung.<\/p>\n\n\n\n<p><strong>Sprechen Sie uns bei Fragen gerne an der Infotheke an.<\/strong><\/p>\n\n\n\n<h2 class=\"wp-block-heading englisch\">A3 Library Open \u2013 Ongoing Renovation Work<\/h2>\n\n\n\n<p class=\"englisch\"><strong>From Monday, 16 September<\/strong>, the A3 Library is <strong>open<\/strong> again.<\/p>\n\n\n\n<p class=\"englisch\">The renovation of the A3 building will continue until 2025. Due to the ongoing construction work, there are still some restrictions on library use.<\/p>\n\n\n\n<p class=\"englisch\">Currently, the workspaces on the <strong>3rd floor<\/strong> and the <strong>1st floor<\/strong> as well as the <strong>group study rooms<\/strong> are accessible.<\/p>\n\n\n\n<p class=\"englisch\"><strong>Please contact us at the info desk if you have any questions.<\/strong><\/p>\n\n\n\n<p class=\"fotocredit\"><br \/>Foto: Schreiber P\u00f6tter<\/p>\n","protected":false},"excerpt":{"rendered":"<p>Ab Montag, 16. September, ist der Bibliotheksbereich A3 wieder ge\u00f6ffnet. Die Sanierung des Geb\u00e4udes A3 wird noch bis ins Jahr 2025 andauern. Durch die fortw\u00e4hrenden Bauarbeiten kommt es weiterhin zu Einschr\u00e4nkungen bei der Bibliotheksnutzung. Aktuell stehen die Arbeitspl\u00e4tze im 3. &hellip; <a href=\"https:\/\/blog.bib.uni-mannheim.de\/Aktuelles\/?p=27369\">Weiterlesen <span class=\"meta-nav\">&rarr;<\/span><\/a><\/p>\n","protected":false},"author":38,"featured_media":0,"comment_status":"open","ping_status":"open","sticky":false,"template":"","format":"standard","meta":{"footnotes":""},"categories":[4,1,9,20],"tags":[],"class_list":["post-27369","post","type-post","status-publish","format-standard","hentry","category-aktuelles","category-allgemein","category-aus-den-bereichen","category-oeffnungszeiten"],"views":1273,"_links":{"self":[{"href":"https:\/\/blog.bib.uni-mannheim.de\/Aktuelles\/index.php?rest_route=\/wp\/v2\/posts\/27369","targetHints":{"allow":["GET"]}}],"collection":[{"href":"https:\/\/blog.bib.uni-mannheim.de\/Aktuelles\/index.php?rest_route=\/wp\/v2\/posts"}],"about":[{"href":"https:\/\/blog.bib.uni-mannheim.de\/Aktuelles\/index.php?rest_route=\/wp\/v2\/types\/post"}],"author":[{"embeddable":true,"href":"https:\/\/blog.bib.uni-mannheim.de\/Aktuelles\/index.php?rest_route=\/wp\/v2\/users\/38"}],"replies":[{"embeddable":true,"href":"https:\/\/blog.bib.uni-mannheim.de\/Aktuelles\/index.php?rest_route=%2Fwp%2Fv2%2Fcomments&post=27369"}],"version-history":[{"count":0,"href":"https:\/\/blog.bib.uni-mannheim.de\/Aktuelles\/index.php?rest_route=\/wp\/v2\/posts\/27369\/revisions"}],"wp:attachment":[{"href":"https:\/\/blog.bib.uni-mannheim.de\/Aktuelles\/index.php?rest_route=%2Fwp%2Fv2%2Fmedia&parent=27369"}],"wp:term":[{"taxonomy":"category","embeddable":true,"href":"https:\/\/blog.bib.uni-mannheim.de\/Aktuelles\/index.php?rest_route=%2Fwp%2Fv2%2Fcategories&post=27369"},{"taxonomy":"post_tag","embeddable":true,"href":"https:\/\/blog.bib.uni-mannheim.de\/Aktuelles\/index.php?rest_route=%2Fwp%2Fv2%2Ftags&post=27369"}],"curies":[{"name":"wp","href":"https:\/\/api.w.org\/{rel}","templated":true}]}}