{"id":27540,"date":"2024-12-05T15:58:08","date_gmt":"2024-12-05T14:58:08","guid":{"rendered":"https:\/\/blog.bib.uni-mannheim.de\/Aktuelles\/?p=27540"},"modified":"2025-01-02T10:02:28","modified_gmt":"2025-01-02T09:02:28","slug":"fachreferentin-fuer-wirtschaftswissenschaften-m-w-d-gesucht","status":"publish","type":"post","link":"https:\/\/blog.bib.uni-mannheim.de\/Aktuelles\/?p=27540","title":{"rendered":"Fachreferent*in f\u00fcr Wirtschaftswissenschaften (m\/w\/d) gesucht"},"content":{"rendered":"<div class=\"wp-block-image\">\n<figure class=\"alignleft size-medium\"><a href=\"https:\/\/blog.bib.uni-mannheim.de\/Aktuelles\/wp-content\/uploads\/2022\/05\/Join-our-team_Anna-Logue_Blog-FB-TW_1200x800px.jpg\"><img loading=\"lazy\" decoding=\"async\" width=\"300\" height=\"200\" src=\"https:\/\/blog.bib.uni-mannheim.de\/Aktuelles\/wp-content\/uploads\/2022\/05\/Join-our-team_Anna-Logue_Blog-FB-TW_1200x800px-300x200.jpg\" alt=\"\" class=\"wp-image-24336\" srcset=\"https:\/\/blog.bib.uni-mannheim.de\/Aktuelles\/wp-content\/uploads\/2022\/05\/Join-our-team_Anna-Logue_Blog-FB-TW_1200x800px-300x200.jpg 300w, https:\/\/blog.bib.uni-mannheim.de\/Aktuelles\/wp-content\/uploads\/2022\/05\/Join-our-team_Anna-Logue_Blog-FB-TW_1200x800px-1024x683.jpg 1024w, https:\/\/blog.bib.uni-mannheim.de\/Aktuelles\/wp-content\/uploads\/2022\/05\/Join-our-team_Anna-Logue_Blog-FB-TW_1200x800px-768x512.jpg 768w, https:\/\/blog.bib.uni-mannheim.de\/Aktuelles\/wp-content\/uploads\/2022\/05\/Join-our-team_Anna-Logue_Blog-FB-TW_1200x800px.jpg 1200w\" sizes=\"auto, (max-width: 300px) 100vw, 300px\" \/><\/a><\/figure>\n<\/div>\n\n\n<p>An der Universit\u00e4tsbibliothek Mannheim ist zum n\u00e4chstm\u00f6glichen Zeitpunkt eine Vollzeitstelle als <strong>Fachreferent*in f\u00fcr Wirtschaftswissenschaften (m\/w\/d) (E 13 TV-L BW)<\/strong> zu besetzen.<\/p>\n\n\n\n<p>Die Stelle ist im Rahmen einer Mutterschutz-\/Elternzeitvertretung bis voraussichtlich 31. Juli 2026 befristet.<\/p>\n\n\n\n<p>Die Universit\u00e4t Mannheim hat traditionell einen Schwerpunkt im Bereich Wirtschaftswissenschaften und belegt hier regelm\u00e4\u00dfig Spitzenpl\u00e4tze in nationalen und internationalen Rankings. Ein enger Kontakt zu der Fakult\u00e4t f\u00fcr Betriebswirtschaftslehre und der Abteilung Volkswirtschaftslehre ist daher ein wichtiges Anliegen der Universit\u00e4tsbibliothek.<\/p>\n\n\n\n<p>Im Fokus stehen neben der ad\u00e4quaten Literaturversorgung f\u00fcr die F\u00e4cher und einem breiten Angebot an Informationskompetenzveranstaltungen f\u00fcr Bachelor-, Master- und Promotionsstudierende auch Beratungen der Wissenschaftler*innen im Bereich Forschungsdatenmanagement.<\/p>\n\n\n\n<p>Weitere Informationen entnehmen Sie bitte der <a href=\"https:\/\/www.bib.uni-mannheim.de\/media\/Einrichtungen\/Universitaetsbibliothek\/Dokumente\/Stellenausschreibungen\/UB_303_E13_Bef_FR_WiWi.pdf\/flipbook\" target=\"_blank\" rel=\"noreferrer noopener\"><strong>Stellenausschreibung<\/strong><\/a> (PDF, 609 KB).<\/p>\n\n\n\n<p>Bewerbungsschluss ist der 2. Januar 2025.<\/p>\n\n\n\n<p>Die Informationen zur Erhebung von personenbezogenen Daten bei der betroffenen Person nach Artikel 13 DS-GVO k\u00f6nnen der Website der Universit\u00e4t Mannheim entnommen werden: https:\/\/www.uni-mannheim.de\/universitaet\/stellenanzeigen\/datenschutz-bei-bewerbungen\/.<\/p>\n\n\n\n<p class=\"fotocredit\">Foto: Anna Logue<\/p>\n","protected":false},"excerpt":{"rendered":"<p>An der Universit\u00e4tsbibliothek Mannheim ist zum n\u00e4chstm\u00f6glichen Zeitpunkt eine Vollzeitstelle als Fachreferent*in f\u00fcr Wirtschaftswissenschaften (m\/w\/d) (E 13 TV-L BW) zu besetzen. Die Stelle ist im Rahmen einer Mutterschutz-\/Elternzeitvertretung bis voraussichtlich 31. Juli 2026 befristet. Die Universit\u00e4t Mannheim hat traditionell einen &hellip; <a href=\"https:\/\/blog.bib.uni-mannheim.de\/Aktuelles\/?p=27540\">Weiterlesen <span class=\"meta-nav\">&rarr;<\/span><\/a><\/p>\n","protected":false},"author":38,"featured_media":0,"comment_status":"open","ping_status":"open","sticky":false,"template":"","format":"standard","meta":{"footnotes":""},"categories":[4,1,11],"tags":[],"class_list":["post-27540","post","type-post","status-publish","format-standard","hentry","category-aktuelles","category-allgemein","category-stellenangebote"],"views":1225,"_links":{"self":[{"href":"https:\/\/blog.bib.uni-mannheim.de\/Aktuelles\/index.php?rest_route=\/wp\/v2\/posts\/27540","targetHints":{"allow":["GET"]}}],"collection":[{"href":"https:\/\/blog.bib.uni-mannheim.de\/Aktuelles\/index.php?rest_route=\/wp\/v2\/posts"}],"about":[{"href":"https:\/\/blog.bib.uni-mannheim.de\/Aktuelles\/index.php?rest_route=\/wp\/v2\/types\/post"}],"author":[{"embeddable":true,"href":"https:\/\/blog.bib.uni-mannheim.de\/Aktuelles\/index.php?rest_route=\/wp\/v2\/users\/38"}],"replies":[{"embeddable":true,"href":"https:\/\/blog.bib.uni-mannheim.de\/Aktuelles\/index.php?rest_route=%2Fwp%2Fv2%2Fcomments&post=27540"}],"version-history":[{"count":0,"href":"https:\/\/blog.bib.uni-mannheim.de\/Aktuelles\/index.php?rest_route=\/wp\/v2\/posts\/27540\/revisions"}],"wp:attachment":[{"href":"https:\/\/blog.bib.uni-mannheim.de\/Aktuelles\/index.php?rest_route=%2Fwp%2Fv2%2Fmedia&parent=27540"}],"wp:term":[{"taxonomy":"category","embeddable":true,"href":"https:\/\/blog.bib.uni-mannheim.de\/Aktuelles\/index.php?rest_route=%2Fwp%2Fv2%2Fcategories&post=27540"},{"taxonomy":"post_tag","embeddable":true,"href":"https:\/\/blog.bib.uni-mannheim.de\/Aktuelles\/index.php?rest_route=%2Fwp%2Fv2%2Ftags&post=27540"}],"curies":[{"name":"wp","href":"https:\/\/api.w.org\/{rel}","templated":true}]}}