{"id":27974,"date":"2025-07-21T10:21:38","date_gmt":"2025-07-21T08:21:38","guid":{"rendered":"https:\/\/blog.bib.uni-mannheim.de\/Aktuelles\/?p=27974"},"modified":"2025-07-28T16:24:56","modified_gmt":"2025-07-28T14:24:56","slug":"schloss-in-flammen-ehrenhof-schliesst-am-26-juli-um-15-uhr","status":"publish","type":"post","link":"https:\/\/blog.bib.uni-mannheim.de\/Aktuelles\/?p=27974","title":{"rendered":"Schloss in Flammen: Ehrenhof schlie\u00dft am 26. Juli um 15 Uhr"},"content":{"rendered":"<div class=\"wp-block-image\">\n<figure class=\"alignleft size-large is-resized\"><a href=\"https:\/\/blog.bib.uni-mannheim.de\/Aktuelles\/wp-content\/uploads\/2024\/08\/DSC_8011.jpg\"><img loading=\"lazy\" decoding=\"async\" width=\"1024\" height=\"682\" src=\"https:\/\/blog.bib.uni-mannheim.de\/Aktuelles\/wp-content\/uploads\/2024\/08\/DSC_8011-1024x682.jpg\" alt=\"\" class=\"wp-image-27232\" style=\"object-fit:cover;width:300px;height:200px\" srcset=\"https:\/\/blog.bib.uni-mannheim.de\/Aktuelles\/wp-content\/uploads\/2024\/08\/DSC_8011-1024x682.jpg 1024w, https:\/\/blog.bib.uni-mannheim.de\/Aktuelles\/wp-content\/uploads\/2024\/08\/DSC_8011-300x200.jpg 300w, https:\/\/blog.bib.uni-mannheim.de\/Aktuelles\/wp-content\/uploads\/2024\/08\/DSC_8011-768x512.jpg 768w, https:\/\/blog.bib.uni-mannheim.de\/Aktuelles\/wp-content\/uploads\/2024\/08\/DSC_8011.jpg 1381w\" sizes=\"auto, (max-width: 1024px) 100vw, 1024px\" \/><\/a><\/figure>\n<\/div>\n\n\n<p>Wegen der Veranstaltung <strong>Schloss in Flammen<\/strong> schlie\u00dft der Bibliotheksbereich Schloss Ehrenhof am <strong>Samstag, den 26. Juli, bereits ab 15 Uhr<\/strong>. Der Aufbau im Ehrenhof beginnt am Donnerstag, 24. Juli.<\/p>\n\n\n\n<p>Alle anderen <strong>Bibliotheksbereiche<\/strong> sind von der Veranstaltung nicht beeintr\u00e4chtigt und stehen Ihnen zu den gewohnten \u00d6ffnungszeiten zur Verf\u00fcgung.<\/p>\n\n\n\n<p>&#8212;<\/p>\n\n\n\n<p class=\"englisch\"><strong>Schloss in Flammen: Ehrenhof closes on 26 July at 3 pm<\/strong><\/p>\n\n\n\n<p class=\"englisch\">Due to the event Schloss in Flammen, the subject library Schloss Ehrenhof will close at 3 p.m. on Saturday 26 July. The construction of the event in the Ehrenhof will begin on Thursday, 24 July.<\/p>\n\n\n\n<p class=\"englisch\">All other subject libraries will not be affected by the event and will be available to you during the usual opening hours.<\/p>\n\n\n\n<p class=\"fotocredit\">Foto: Anna Logue<\/p>\n","protected":false},"excerpt":{"rendered":"<p>Wegen der Veranstaltung Schloss in Flammen schlie\u00dft der Bibliotheksbereich Schloss Ehrenhof am Samstag, den 26. Juli, bereits ab 15 Uhr. Der Aufbau im Ehrenhof beginnt am Donnerstag, 24. Juli. Alle anderen Bibliotheksbereiche sind von der Veranstaltung nicht beeintr\u00e4chtigt und stehen &hellip; <a href=\"https:\/\/blog.bib.uni-mannheim.de\/Aktuelles\/?p=27974\">Weiterlesen <span class=\"meta-nav\">&rarr;<\/span><\/a><\/p>\n","protected":false},"author":42,"featured_media":0,"comment_status":"open","ping_status":"open","sticky":false,"template":"","format":"standard","meta":{"footnotes":""},"categories":[4,9,20],"tags":[],"class_list":["post-27974","post","type-post","status-publish","format-standard","hentry","category-aktuelles","category-aus-den-bereichen","category-oeffnungszeiten"],"views":6329,"_links":{"self":[{"href":"https:\/\/blog.bib.uni-mannheim.de\/Aktuelles\/index.php?rest_route=\/wp\/v2\/posts\/27974","targetHints":{"allow":["GET"]}}],"collection":[{"href":"https:\/\/blog.bib.uni-mannheim.de\/Aktuelles\/index.php?rest_route=\/wp\/v2\/posts"}],"about":[{"href":"https:\/\/blog.bib.uni-mannheim.de\/Aktuelles\/index.php?rest_route=\/wp\/v2\/types\/post"}],"author":[{"embeddable":true,"href":"https:\/\/blog.bib.uni-mannheim.de\/Aktuelles\/index.php?rest_route=\/wp\/v2\/users\/42"}],"replies":[{"embeddable":true,"href":"https:\/\/blog.bib.uni-mannheim.de\/Aktuelles\/index.php?rest_route=%2Fwp%2Fv2%2Fcomments&post=27974"}],"version-history":[{"count":0,"href":"https:\/\/blog.bib.uni-mannheim.de\/Aktuelles\/index.php?rest_route=\/wp\/v2\/posts\/27974\/revisions"}],"wp:attachment":[{"href":"https:\/\/blog.bib.uni-mannheim.de\/Aktuelles\/index.php?rest_route=%2Fwp%2Fv2%2Fmedia&parent=27974"}],"wp:term":[{"taxonomy":"category","embeddable":true,"href":"https:\/\/blog.bib.uni-mannheim.de\/Aktuelles\/index.php?rest_route=%2Fwp%2Fv2%2Fcategories&post=27974"},{"taxonomy":"post_tag","embeddable":true,"href":"https:\/\/blog.bib.uni-mannheim.de\/Aktuelles\/index.php?rest_route=%2Fwp%2Fv2%2Ftags&post=27974"}],"curies":[{"name":"wp","href":"https:\/\/api.w.org\/{rel}","templated":true}]}}