{"id":28350,"date":"2026-01-27T11:38:37","date_gmt":"2026-01-27T10:38:37","guid":{"rendered":"https:\/\/blog.bib.uni-mannheim.de\/Aktuelles\/?p=28350"},"modified":"2026-02-04T12:01:57","modified_gmt":"2026-02-04T11:01:57","slug":"holocaust-gedenktag","status":"publish","type":"post","link":"https:\/\/blog.bib.uni-mannheim.de\/Aktuelles\/?p=28350","title":{"rendered":"Holocaust Gedenktag"},"content":{"rendered":"<div class=\"wp-block-image\">\n<figure class=\"alignleft size-large is-resized\"><a href=\"https:\/\/blog.bib.uni-mannheim.de\/Aktuelles\/wp-content\/uploads\/2026\/01\/pexels-pixabay-53442-scaled.jpg\"><img loading=\"lazy\" decoding=\"async\" width=\"1024\" height=\"685\" src=\"https:\/\/blog.bib.uni-mannheim.de\/Aktuelles\/wp-content\/uploads\/2026\/01\/pexels-pixabay-53442-1024x685.jpg\" alt=\"\" class=\"wp-image-28374\" style=\"object-fit:cover;width:300px;height:200px\" srcset=\"https:\/\/blog.bib.uni-mannheim.de\/Aktuelles\/wp-content\/uploads\/2026\/01\/pexels-pixabay-53442-1024x685.jpg 1024w, https:\/\/blog.bib.uni-mannheim.de\/Aktuelles\/wp-content\/uploads\/2026\/01\/pexels-pixabay-53442-300x201.jpg 300w, https:\/\/blog.bib.uni-mannheim.de\/Aktuelles\/wp-content\/uploads\/2026\/01\/pexels-pixabay-53442-768x514.jpg 768w, https:\/\/blog.bib.uni-mannheim.de\/Aktuelles\/wp-content\/uploads\/2026\/01\/pexels-pixabay-53442-1536x1028.jpg 1536w, https:\/\/blog.bib.uni-mannheim.de\/Aktuelles\/wp-content\/uploads\/2026\/01\/pexels-pixabay-53442-2048x1370.jpg 2048w\" sizes=\"auto, (max-width: 1024px) 100vw, 1024px\" \/><\/a><\/figure>\n<\/div>\n\n\n<p><strong>Internationaler Tag des Gedenkens an die Opfer des Nationalsozialismus<\/strong>&nbsp;<\/p>\n\n\n\n<p>Am <strong>27. Januar<\/strong> wird weltweit an die <strong>Opfer des Nationalsozialismus<\/strong> erinnert. Anlass ist die Befreiung des Konzentrations- und Vernichtungslager Auschwitz Birkenau. Auch an der Universit\u00e4t Mannheim steht dieser Tag im Zeichen der Erinnerung und wissenschaftlichen Aufarbeitung: Die Provenienzforschung der Universit\u00e4tsbibliothek Mannheim untersucht Spuren von Enteignung und Verfolgung, die sich bis heute in ihren Best\u00e4nden finden.\u00a0<\/p>\n\n\n\n<p>Mit der Macht\u00fcbernahme der NSDAP im Jahr 1933 begannen die Nationalsozialisten, unliebsame Organisationen und Privatpersonen, insbesondere j\u00fcdische B\u00fcrger*innen, Schritt f\u00fcr Schritt ihrer Rechte zu berauben. Im Zuge der Verfolgung und Vernichtung von Menschen bereicherte sich der NS-Staat auch an deren Eigentum \u2013 einschlie\u00dflich ihren B\u00fcchern.\u00a0<\/p>\n\n\n\n<p>Die <strong>Universit\u00e4tsbibliothek Mannheim<\/strong> untersucht seit 2024 einen Teil ihrer historischen Best\u00e4nde systematisch auf diese Art Kulturgut, das j\u00fcdischen Mitb\u00fcrger*innen w\u00e4hrend der NS-Zeit entzogen wurde. Nachforschungen ergaben beispielsweise den Fund von zwei B\u00fcchern, die auf den ersten Blick eher unscheinbar wirken. In beiden wurden Autogramme von <strong>Elsa Gumberich<\/strong> entdeckt.&nbsp;<\/p>\n\n\n\n<p><strong>B\u00fccher der Krankenschwester Elsa Gumberich im Bestand der Universit\u00e4tsbibliothek<\/strong>&nbsp;<\/p>\n\n\n\n<p>Elsa Gumberich wurde am 12. Oktober 1885 in Baiertal (Kreis Heidelberg) geboren und arbeitete als Krankenschwester in Mannheim. Im Jahr 1931 wurde sie Oberschwester des j\u00fcdischen Krankenschwesternheims, das in Mannheim bereits seit Beginn des 20. Jahrhunderts existierte. Im Zuge der Zusammenlegung des Krankenschwesternheims mit dem neu erbauten Israelitischen Krankenhaus zog sie gemeinsam mit drei weiteren Krankenschwestern in die Collinistra\u00dfe 47. Der Komplex aus Krankenhaus und Altersheim wurde w\u00e4hrend der NS-Zeit zu einem der zentralen Orte der Deportation der j\u00fcdischen Bev\u00f6lkerung Mannheims.&nbsp;<\/p>\n\n\n\n<p>Am 22. Oktober 1940 wurde Elsa Gumberich in das Internierungslager Gurs am Rand der franz\u00f6sischen Pyren\u00e4en deportiert und kam sp\u00e4ter in das Vernichtungslager Auschwitz-Birkenau. Nach der Ankunft in Auschwitz wurden 62 Frauen und 233 M\u00e4nner von insgesamt 1007 Deportierten aus Gurs an der ber\u00fcchtigten Rampe als arbeitsf\u00e4hig eingestuft; nur 11 \u00fcberlebten bis 1945. Die Spur von Elsa Gumberich verliert sich noch am Gleis in Auschwitz \u2013 sie wurde Opfer des Holocaust.&nbsp;<\/p>\n\n\n\n<p><strong>Provenienzforschung an der Universit\u00e4tsbibliothek Mannheim<\/strong>&nbsp;<\/p>\n\n\n\n<p>Elsa Gumberich ist eine von einigen j\u00fcdischen Frauen und M\u00e4nnern, deren Besitz sich in der Universit\u00e4tsbibliothek auffinden l\u00e4sst. Mithilfe der Nachforschungen durch die Provenienzforschung sollen solche Verdachtsf\u00e4lle erfasst, sichtbar gemacht und an die rechtm\u00e4\u00dfigen Eigent\u00fcmer*innen oder deren Nachfahr*innen zur\u00fcckgegeben werden.&nbsp;<\/p>\n\n\n\n<p>Weitere Informationen zum Provenienzforschungsprojekt finden Sie auf der <a href=\"https:\/\/www.bib.uni-mannheim.de\/ihre-ub\/projekte-der-ub\/verfolgungs-bedingt-entzogenes-kulturgut\/\" target=\"_blank\" rel=\"noreferrer noopener\">Website der Universit\u00e4tsbibliothek<\/a>.&nbsp;<\/p>\n\n\n\n<p>&#8212;<\/p>\n\n\n\n<p class=\"englisch\"><strong>International Day of Commemoration in Memory of the Victims of National Socialism<\/strong>&nbsp;<\/p>\n\n\n\n<p><em>On January 27, people around the world commemorate the victims of National Socialism. The occasion is the liberation of the Auschwitz-Birkenau concentration and extermination camp. At the University of Mannheim, this day is also dedicated to remembrance and scholarly investigation: the provenance research carried out by Mannheim&nbsp;University Library examines traces of expropriation and persecution that can still be found in its collections today.<\/em>&nbsp;<\/p>\n\n\n\n<p class=\"englisch\">When the NSDAP came to power in 1933, the National Socialists began to gradually deprive unwelcome organizations and individuals, especially Jewish citizens, of their rights. In the course of persecuting and exterminating people, the Nazi state also enriched itself with their property \u2013&nbsp;including their books.&nbsp;<\/p>\n\n\n\n<p class=\"englisch\">Since 2024, Mannheim University Library has been systematically examining part of its historical holdings for this type of cultural property that was confiscated from Jewish citizens during the Nazi era. Research has led to the discovery of two books, for example, which at first glance appear rather inconspicuous. Autographs by Elsa Gumberich were found in both of them.&nbsp;<\/p>\n\n\n\n<p class=\"englisch\"><strong>Books of the nurse Elsa Gumberich in the holdings of Mannheim&nbsp;University Library<\/strong>&nbsp;<\/p>\n\n\n\n<p class=\"englisch\">Elsa Gumberich was born on October 12, 1885, in Baiertal (Kreis Heidelberg) and worked as a nurse in Mannheim. In 1931, she became head nurse at the Jewish nurses&#8216; home, which had existed in Mannheim since the beginning of the 20th century. When the nurses&#8216; home merged with the newly built Israelite Hospital, she moved to Collinistra\u00dfe 47 together with three other nurses. During the Nazi era, the hospital and retirement home complex became one of the central locations for the deportation of Mannheim&#8217;s Jewish population.&nbsp;<\/p>\n\n\n\n<p class=\"englisch\">On October 22, 1940, Elsa Gumberich was deported to the Gurs internment camp on the edge of the French Pyrenees and later sent to the Auschwitz-Birkenau extermination camp. After arriving in Auschwitz, 62 women and 233 men out of a total of 1,007 deportees from Gurs were classified as fit for work on the infamous ramp; only 11 survived until 1945. The trail of Elsa Gumberich is lost at the railway tracks in Auschwitz \u2013 she was a victim of the Holocaust.&nbsp;<\/p>\n\n\n\n<p class=\"englisch\"><strong>Provenance research at Mannheim University Library<\/strong>&nbsp;<\/p>\n\n\n\n<p class=\"englisch\">Elsa Gumberich is one of several Jewish women and men whose possessions can be found in the university library. With the help of provenance research, such suspected cases are to be recorded, made visible, and returned to their rightful owners or their descendants. &nbsp;<\/p>\n\n\n\n<p class=\"englisch\">Further information on the provenance research project can be found on the <a href=\"https:\/\/www.bib.uni-mannheim.de\/ihre-ub\/projekte-der-ub\/verfolgungs-bedingt-entzogenes-kulturgut\/\" target=\"_blank\" rel=\"noreferrer noopener\">University Library website<\/a>.&nbsp;<\/p>\n","protected":false},"excerpt":{"rendered":"<p>Internationaler Tag des Gedenkens an die Opfer des Nationalsozialismus&nbsp; Am 27. Januar wird weltweit an die Opfer des Nationalsozialismus erinnert. Anlass ist die Befreiung des Konzentrations- und Vernichtungslager Auschwitz Birkenau. Auch an der Universit\u00e4t Mannheim steht dieser Tag im Zeichen &hellip; <a href=\"https:\/\/blog.bib.uni-mannheim.de\/Aktuelles\/?p=28350\">Weiterlesen <span class=\"meta-nav\">&rarr;<\/span><\/a><\/p>\n","protected":false},"author":42,"featured_media":0,"comment_status":"open","ping_status":"open","sticky":false,"template":"","format":"standard","meta":{"footnotes":""},"categories":[4,1],"tags":[],"class_list":["post-28350","post","type-post","status-publish","format-standard","hentry","category-aktuelles","category-allgemein"],"views":368,"_links":{"self":[{"href":"https:\/\/blog.bib.uni-mannheim.de\/Aktuelles\/index.php?rest_route=\/wp\/v2\/posts\/28350","targetHints":{"allow":["GET"]}}],"collection":[{"href":"https:\/\/blog.bib.uni-mannheim.de\/Aktuelles\/index.php?rest_route=\/wp\/v2\/posts"}],"about":[{"href":"https:\/\/blog.bib.uni-mannheim.de\/Aktuelles\/index.php?rest_route=\/wp\/v2\/types\/post"}],"author":[{"embeddable":true,"href":"https:\/\/blog.bib.uni-mannheim.de\/Aktuelles\/index.php?rest_route=\/wp\/v2\/users\/42"}],"replies":[{"embeddable":true,"href":"https:\/\/blog.bib.uni-mannheim.de\/Aktuelles\/index.php?rest_route=%2Fwp%2Fv2%2Fcomments&post=28350"}],"version-history":[{"count":0,"href":"https:\/\/blog.bib.uni-mannheim.de\/Aktuelles\/index.php?rest_route=\/wp\/v2\/posts\/28350\/revisions"}],"wp:attachment":[{"href":"https:\/\/blog.bib.uni-mannheim.de\/Aktuelles\/index.php?rest_route=%2Fwp%2Fv2%2Fmedia&parent=28350"}],"wp:term":[{"taxonomy":"category","embeddable":true,"href":"https:\/\/blog.bib.uni-mannheim.de\/Aktuelles\/index.php?rest_route=%2Fwp%2Fv2%2Fcategories&post=28350"},{"taxonomy":"post_tag","embeddable":true,"href":"https:\/\/blog.bib.uni-mannheim.de\/Aktuelles\/index.php?rest_route=%2Fwp%2Fv2%2Ftags&post=28350"}],"curies":[{"name":"wp","href":"https:\/\/api.w.org\/{rel}","templated":true}]}}