{"id":345,"date":"2008-01-22T16:57:06","date_gmt":"2008-01-22T15:57:06","guid":{"rendered":"http:\/\/blog.bib.uni-mannheim.de\/Aktuelles\/?p=345"},"modified":"2008-02-25T11:48:19","modified_gmt":"2008-02-25T10:48:19","slug":"didacta-2008","status":"publish","type":"post","link":"https:\/\/blog.bib.uni-mannheim.de\/Aktuelles\/?p=345","title":{"rendered":"didacta 2008"},"content":{"rendered":"<p><a title=\"didacta 2008\" href=\"http:\/\/blog.bib.uni-mannheim.de\/Aktuelles\/?p=345\"><img decoding=\"async\" alt=\"didacta-2008_11cm.jpg\" id=\"image344\" src=\"http:\/\/blog.bib.uni-mannheim.de\/Aktuelles\/wp-content\/uploads\/2008\/01\/didacta-2008_11cm.jpg\" \/><\/a><br \/>\nDie Bildungsmesse <a target=\"_blank\" title=\"didacta 2008\" href=\"http:\/\/cms.messe-stuttgart.de\/cms\/index.php?id=3664\">didacta<\/a> findet in diesem Jahr vom 19. bis 23. Februar 2008 auf dem Gel\u00e4nde der Neuen Messe Stuttgart statt. Im Namen des <a target=\"_blank\" title=\"dbv\" href=\"http:\/\/www.bibliotheksverband.de\/home.shtml\">Deutschen Bibliotheksverbandes<\/a> laden wir Sie ganz herzlich an den Stand mit dem Motto \u201eBibliotheken bilden\u201c zu einem Besuch ein. <!--more-->Bibliotheksexperten pr\u00e4sentieren Ihnen das breite Spektrum der Unterst\u00fctzungsm\u00f6glichkeiten, die Bibliotheken auf dem Bildungsweg vom Kindergarten bis zur Universit\u00e4t anbieten.<\/p>\n<p>Am Dienstag, 19. Februar und Donnerstag, 21. Februar vormittags k\u00f6nnen Sie Frau <a target=\"_blank\" title=\"klein\" href=\"http:\/\/www.bib.uni-mannheim.de\/269.html\">Dr. Annette Klein, Fachreferentin<\/a> der Universit\u00e4tsbibliothek Mannheim und Expertin des Netzwerkes <a title=\"infkomp\" target=\"_blank\" href=\"http:\/\/www.informationskompetenz.de\/\">Informationskompetenz<\/a> Baden-W\u00fcrttemberg hier treffen.<\/p>\n","protected":false},"excerpt":{"rendered":"<p>Die Bildungsmesse didacta findet in diesem Jahr vom 19. bis 23. Februar 2008 auf dem Gel\u00e4nde der Neuen Messe Stuttgart statt. Im Namen des Deutschen Bibliotheksverbandes laden wir Sie ganz herzlich an den Stand mit dem Motto \u201eBibliotheken bilden\u201c zu &hellip; <a href=\"https:\/\/blog.bib.uni-mannheim.de\/Aktuelles\/?p=345\">Weiterlesen <span class=\"meta-nav\">&rarr;<\/span><\/a><\/p>\n","protected":false},"author":19,"featured_media":0,"comment_status":"open","ping_status":"open","sticky":false,"template":"","format":"standard","meta":{"footnotes":""},"categories":[8],"tags":[],"class_list":["post-345","post","type-post","status-publish","format-standard","hentry","category-veranstaltungen"],"views":4513,"_links":{"self":[{"href":"https:\/\/blog.bib.uni-mannheim.de\/Aktuelles\/index.php?rest_route=\/wp\/v2\/posts\/345","targetHints":{"allow":["GET"]}}],"collection":[{"href":"https:\/\/blog.bib.uni-mannheim.de\/Aktuelles\/index.php?rest_route=\/wp\/v2\/posts"}],"about":[{"href":"https:\/\/blog.bib.uni-mannheim.de\/Aktuelles\/index.php?rest_route=\/wp\/v2\/types\/post"}],"author":[{"embeddable":true,"href":"https:\/\/blog.bib.uni-mannheim.de\/Aktuelles\/index.php?rest_route=\/wp\/v2\/users\/19"}],"replies":[{"embeddable":true,"href":"https:\/\/blog.bib.uni-mannheim.de\/Aktuelles\/index.php?rest_route=%2Fwp%2Fv2%2Fcomments&post=345"}],"version-history":[{"count":0,"href":"https:\/\/blog.bib.uni-mannheim.de\/Aktuelles\/index.php?rest_route=\/wp\/v2\/posts\/345\/revisions"}],"wp:attachment":[{"href":"https:\/\/blog.bib.uni-mannheim.de\/Aktuelles\/index.php?rest_route=%2Fwp%2Fv2%2Fmedia&parent=345"}],"wp:term":[{"taxonomy":"category","embeddable":true,"href":"https:\/\/blog.bib.uni-mannheim.de\/Aktuelles\/index.php?rest_route=%2Fwp%2Fv2%2Fcategories&post=345"},{"taxonomy":"post_tag","embeddable":true,"href":"https:\/\/blog.bib.uni-mannheim.de\/Aktuelles\/index.php?rest_route=%2Fwp%2Fv2%2Ftags&post=345"}],"curies":[{"name":"wp","href":"https:\/\/api.w.org\/{rel}","templated":true}]}}